{"id":106298,"date":"2025-02-24T22:20:41","date_gmt":"2025-02-24T22:20:41","guid":{"rendered":"https:\/\/tvbrazilusa.com\/2025\/02\/24\/a-defesa-de-bolsonaro-solicitara-ao-stf-o-impedimento-de-dino-e-zanin\/"},"modified":"2025-02-24T22:20:42","modified_gmt":"2025-02-24T22:20:42","slug":"a-defesa-de-bolsonaro-solicitara-ao-stf-o-impedimento-de-dino-e-zanin","status":"publish","type":"post","link":"https:\/\/tvbrazilusa.com\/pt\/2025\/02\/24\/a-defesa-de-bolsonaro-solicitara-ao-stf-o-impedimento-de-dino-e-zanin\/","title":{"rendered":"A defesa de Bolsonaro solicitar\u00e1 ao STF o impedimento de Dino e Zanin"},"content":{"rendered":"<p> <script async src=\"https:\/\/pagead2.googlesyndication.com\/pagead\/js\/adsbygoogle.js?client=ca-pub-8864793242727901\"\r\n     crossorigin=\"anonymous\"><\/script><br \/>\n<\/p>\n<div id=\"taboola-read-more\" style=\"display:block; width:100%\">\n<p>A defesa de Jair Bolsonaro vai pedir ao STF o impedimento dos ministros Fl\u00e1vio Dino e Cristiano Zanin no julgamento do ex-presidente no chamado inqu\u00e9rito do golpe.\n<\/p>\n<p>A decis\u00e3o foi comunicada ao presidente da Corte, ministro Lu\u00eds Roberto Barroso, pelo advogado Celso Vilardi, em reuni\u00e3o na tarde desta segunda-feira (24\/2), em Bras\u00edlia.<\/p>\n<p>Na peti\u00e7\u00e3o, a defesa de Bolsonaro alegar\u00e1 que Dino e Zanin devem ser impedidos de julgar Bolsonaro porque j\u00e1 ajuizaram a\u00e7\u00f5es contra o ex-presidente antes de virarem ministros do STF.\n<\/p>\n<p>Caso o Supremo defira o pedido, os dois ministros ficar\u00e3o impedidos de participar do julgamento de Bolsonaro na Primeira Turma da Corte, onde o caso ser\u00e1 analisado.\n<\/p>\n<p>Nesse caso, o regimento do STF prev\u00ea que os dois ministros mais antigos da Segunda Turma, Gilmar Mendes e Dias Toffoli, seriam chamados para participar do julgamento na Primeira Turma.\n<\/p>\n<p>Em 2024, a defesa de Bolsonaro tamb\u00e9m chegou a pedir duas vezes ao Supremo o impedimento do ministro Alexandre de Moraes no inqu\u00e9rito. Os dois pedidos, por\u00e9m, foram negados.\n<\/p>\n<p>Fonte: Metr\u00f3poles              <\/p>\n<\/div>\n<p><br \/>\n<br \/><a href=\"https:\/\/diariodobrasilnoticias.com.br\/noticia\/a-defesa-de-bolsonaro-solicitara-ao-stf-o-impedimento-de-dino-e-zanin-67bcc64f5f4e6\">Source link <\/a><\/p>","protected":false},"excerpt":{"rendered":"<p>A defesa de Jair Bolsonaro vai pedir ao STF o impedimento dos ministros Fl\u00e1vio Dino e Cristiano Zanin no julgamento do ex-presidente no chamado inqu\u00e9rito do golpe. A decis\u00e3o foi&hellip;<\/p>","protected":false},"author":1,"featured_media":106299,"comment_status":"closed","ping_status":"open","sticky":false,"template":"","format":"standard","meta":{"content-type":"","footnotes":""},"categories":[16],"tags":[123,2448,5313,1267],"class_list":["post-106298","post","type-post","status-publish","format-standard","has-post-thumbnail","hentry","category-noticias","tag-brasil","tag-diario","tag-noticia","tag-noticias"],"_links":{"self":[{"href":"https:\/\/tvbrazilusa.com\/pt\/wp-json\/wp\/v2\/posts\/106298","targetHints":{"allow":["GET"]}}],"collection":[{"href":"https:\/\/tvbrazilusa.com\/pt\/wp-json\/wp\/v2\/posts"}],"about":[{"href":"https:\/\/tvbrazilusa.com\/pt\/wp-json\/wp\/v2\/types\/post"}],"author":[{"embeddable":true,"href":"https:\/\/tvbrazilusa.com\/pt\/wp-json\/wp\/v2\/users\/1"}],"replies":[{"embeddable":true,"href":"https:\/\/tvbrazilusa.com\/pt\/wp-json\/wp\/v2\/comments?post=106298"}],"version-history":[{"count":1,"href":"https:\/\/tvbrazilusa.com\/pt\/wp-json\/wp\/v2\/posts\/106298\/revisions"}],"predecessor-version":[{"id":106300,"href":"https:\/\/tvbrazilusa.com\/pt\/wp-json\/wp\/v2\/posts\/106298\/revisions\/106300"}],"wp:featuredmedia":[{"embeddable":true,"href":"https:\/\/tvbrazilusa.com\/pt\/wp-json\/wp\/v2\/media\/106299"}],"wp:attachment":[{"href":"https:\/\/tvbrazilusa.com\/pt\/wp-json\/wp\/v2\/media?parent=106298"}],"wp:term":[{"taxonomy":"category","embeddable":true,"href":"https:\/\/tvbrazilusa.com\/pt\/wp-json\/wp\/v2\/categories?post=106298"},{"taxonomy":"post_tag","embeddable":true,"href":"https:\/\/tvbrazilusa.com\/pt\/wp-json\/wp\/v2\/tags?post=106298"}],"curies":[{"name":"wp","href":"https:\/\/api.w.org\/{rel}","templated":true}]}}