{"id":106306,"date":"2025-02-24T22:36:01","date_gmt":"2025-02-24T22:36:01","guid":{"rendered":"https:\/\/tvbrazilusa.com\/2025\/02\/24\/a-graduacao-da-connecticut-high-school-nao-consegue-ler-ou-escrever-quem-falhou-nela\/"},"modified":"2025-02-24T22:40:26","modified_gmt":"2025-02-24T22:40:26","slug":"a-graduacao-da-connecticut-high-school-nao-consegue-ler-ou-escrever-quem-falhou-nela","status":"publish","type":"post","link":"https:\/\/tvbrazilusa.com\/pt\/2025\/02\/24\/a-graduacao-da-connecticut-high-school-nao-consegue-ler-ou-escrever-quem-falhou-nela\/","title":{"rendered":"A gradua\u00e7\u00e3o da Connecticut High School n\u00e3o consegue ler ou escrever. Quem falhou nela?"},"content":{"rendered":"<script async src=\"https:\/\/pagead2.googlesyndication.com\/pagead\/js\/adsbygoogle.js?client=ca-pub-8864793242727901\"\r\n     crossorigin=\"anonymous\"><\/script>\n<p>HARTFORD, Connecticut (WTNH) &#8211; Um graduado em escolas p\u00fablicas de Hartford est\u00e1 tomando medidas legais contra a cidade, o Conselho de Educa\u00e7\u00e3o e uma de seus professores de educa\u00e7\u00e3o especial. Aleysha Ortiz afirma que pediu recursos e apoio educacionais por anos, mas essa ajuda nunca chegou.<\/p>\n<p>Em vez disso, ela disse que se formou sem poder ler ou escrever.<\/p>\n<p>&#8220;Meu tempo nas escolas p\u00fablicas de Hartford foi uma \u00e9poca em que n\u00e3o desejo a ningu\u00e9m&#8221;, disse Aleysha Ortiz, formado em <a href=\"https:\/\/www.hartfordschools.org\/\" target=\"_blank\" rel=\"noreferrer noopener\">Escolas p\u00fablicas de Hartford<\/a>.<\/p>\n<p>Ortiz mudou -se de Porto Rico para Connecticut, tornando -se um estudante de escolas p\u00fablicas de Hartford na primeira s\u00e9rie. Ela lutou com um impedimento de fala, dislexia, TDAH e, inicialmente, uma barreira lingu\u00edstica. <\/p>\n<p>&#8220;Todo primeiro dia de aula, eu diria ao professor que n\u00e3o posso ler e escrever, ent\u00e3o seja paciente para mim, para que todos soubessem&#8221;, disse Ortiz ao News 8.<\/p>\n<p>Sentado com o News 8, Ortiz disse que foi intimidada, assediada e negligenciada pelos funcion\u00e1rios do distrito.<\/p>\n<p>&#8220;Eu choraria sabendo que as pessoas que tinham grandes t\u00edtulos sabiam que isso estava acontecendo, e ningu\u00e9m se levantou para fazer algo a respeito&#8221;, disse Ortiz.<\/p>\n<p>Ela entrou com uma a\u00e7\u00e3o contra o Conselho de Educa\u00e7\u00e3o de Hartford, a cidade de Hartford, e uma de seus professores de educa\u00e7\u00e3o especial, alegando que &#8220;as dificuldades de aprendizagem n\u00e3o foram abordadas adequadamente pelo conselho e, como resultado, continuou a lutar academicamente&#8221;.<\/p>\n<p>Esta reclama\u00e7\u00e3o espec\u00edfica nomeia Tilda Santiago, gerente de casos de educa\u00e7\u00e3o especial e professora, que supostamente &#8220;gritaria, menosprezando e humilham [Ortiz] na frente de outros alunos e professores. &#8220;<\/p>\n<p>O processo tamb\u00e9m afirmou: &#8220;Ortiz costumava correr para outros professores e\/ou administradores em l\u00e1grimas e sofrimento emocional&#8221;.<\/p>\n<p>Entramos em contato com Santiago para um coment\u00e1rio, que dirigiu nosso pedido ao advogado da equipe do Conselho de Educa\u00e7\u00e3o. Estamos esperando para ouvir de volta.<\/p>\n<p>Frustrada, Ortiz disse que colocou sozinho o trabalho-dedicando a maior parte de seu tempo livre \u00e0 escola, ouvindo as grava\u00e7\u00f5es de \u00e1udio de suas aulas e usando a tecnologia (como aplicativos de conversa a texto) para concluir tarefas.<\/p>\n<p>&#8220;A primeira vez que receber um &#8216;A&#8217; foi muito emocionante&#8221;, Ortiz compartilhou atrav\u00e9s das l\u00e1grimas. &#8220;\u00c0s vezes, eu fingiria um &#8216;a&#8217;; era muito emocionante saber que ganhei isso &#8216;A.'&#8221;<\/p>\n<p>Ortiz conseguiu levantar suas notas, atender aos requisitos de cr\u00e9dito e subir ao palco com seus colegas graduados. Foi um momento cheio de emo\u00e7\u00f5es contradit\u00f3rias.<\/p>\n<p>&#8220;\u00c9 o tratamento que ela teve que passar nas m\u00e3os de v\u00e1rias pessoas, que eram adultos na sala, que deveriam ajud\u00e1 -la&#8221;, disse Anthony Spinella, o advogado que representa Ortiz nesse assunto. &#8220;Eles realmente a machucaram.&#8221;<\/p>\n<p>Entramos em contato com a cidade e o Conselho de Educa\u00e7\u00e3o, que disseram ao News 8 que n\u00e3o podem comentar sobre lit\u00edgios em andamento. O escrit\u00f3rio do superintendente tamb\u00e9m se recusou a comentar.<\/p>\n<p>Carol Gale, presidente da Federa\u00e7\u00e3o de Professores de Hartford, disse que n\u00e3o pode falar sobre esse processo espec\u00edfico, mas acha que precisa haver uma revis\u00e3o da pol\u00edtica:<\/p>\n<p>&#8220;Isso d\u00e1 aos educadores em Hartford uma pausa para refletir sobre os objetivos \u00e0s vezes conflitantes para aumentar as taxas de gradua\u00e7\u00e3o, mantendo as altas expectativas consistentes com o que um diploma do ensino m\u00e9dio deve significar&#8221;.<\/p>\n<p>Ortiz quer ver a mudan\u00e7a acontecer para que nenhum outro aluno tenha que experimentar o que fez.<\/p>\n<p>&#8220;A educa\u00e7\u00e3o \u00e9 t\u00e3o importante e acredito que esquecemos o significado disso&#8221;, disse Ortiz. &#8220;Estou disposto e determinado a apoiar os alunos necessitados&#8221;.<\/p>\n<p>Muitos se uniram a Ortiz, recebendo o apoio de que ela precisa. Ela foi aceita na UConn e quer se concentrar na pol\u00edtica de educa\u00e7\u00e3o especial e na advocacia. <\/p>\n<p>Quanto ao processo, eles est\u00e3o buscando um valor n\u00e3o revelado em danos.<\/p>\n<p>Outro processo, que foi uma queixa de devido processo especial, foi resolvido. Courtney Spencer, que representou Ortiz nesse assunto, chamou de um dos casos mais &#8220;flagrantes&#8221; que ela j\u00e1 encontrou:<\/p>\n<p>&#8220;Nos vinte e quatro anos em que pratico a lei de educa\u00e7\u00e3o especial, este \u00e9 possivelmente um dos casos mais flagrantes que encontrei. Somente \u00e9 devido \u00e0 sua incr\u00edvel resili\u00eancia e esp\u00edrito que Aysha \u00e9 capaz de ser t\u00e3o forte quanto Ela \u00e9 uma jovem not\u00e1vel. Que Aleysha continua com sua educa\u00e7\u00e3o universit\u00e1ria e sua carreira, ela realmente mudar\u00e1 a maneira como consideramos a leitura no estado de Connecticut &#8220;.<\/p>\n<p>Em julho de 2024, <a href=\"https:\/\/www.hartfordblueribbon.org\/\" target=\"_blank\" rel=\"noreferrer noopener\">Comiss\u00e3o de Fita Azul de Hartford sobre Educa\u00e7\u00e3o<\/a> foi formado para avaliar dados, se envolver com as partes interessadas e criar estrat\u00e9gias acion\u00e1veis \u200b\u200bpara aprimorar o cen\u00e1rio educacional da cidade. A Comiss\u00e3o tamb\u00e9m estabeleceu quatro subcomit\u00eas especializados, incluindo educa\u00e7\u00e3o especial. <\/p>\n<p>A Comiss\u00e3o divulgou recentemente um plano de a\u00e7\u00e3o para garantir que &#8220;todos os alunos tenham acesso a escolas seguras e acolhedoras e educa\u00e7\u00e3o de alta qualidade&#8221;.<\/p>\n<p><br \/>\n<br \/><a href=\"https:\/\/www.wtnh.com\/news\/connecticut\/hartford\/connecticut-high-school-graduate-cant-read-or-write-who-failed-her\/\">Source link <\/a><\/p>","protected":false},"excerpt":{"rendered":"<p>HARTFORD, Connecticut (WTNH) &#8211; Um graduado em escolas p\u00fablicas de Hartford est\u00e1 tomando medidas legais contra a cidade, o Conselho de Educa\u00e7\u00e3o e uma de seus professores de educa\u00e7\u00e3o especial.&hellip;<\/p>","protected":false},"author":1,"featured_media":106307,"comment_status":"closed","ping_status":"open","sticky":false,"template":"","format":"standard","meta":{"content-type":"","footnotes":""},"categories":[1],"tags":[],"class_list":["post-106306","post","type-post","status-publish","format-standard","has-post-thumbnail","hentry","category-uncategorized"],"_links":{"self":[{"href":"https:\/\/tvbrazilusa.com\/pt\/wp-json\/wp\/v2\/posts\/106306","targetHints":{"allow":["GET"]}}],"collection":[{"href":"https:\/\/tvbrazilusa.com\/pt\/wp-json\/wp\/v2\/posts"}],"about":[{"href":"https:\/\/tvbrazilusa.com\/pt\/wp-json\/wp\/v2\/types\/post"}],"author":[{"embeddable":true,"href":"https:\/\/tvbrazilusa.com\/pt\/wp-json\/wp\/v2\/users\/1"}],"replies":[{"embeddable":true,"href":"https:\/\/tvbrazilusa.com\/pt\/wp-json\/wp\/v2\/comments?post=106306"}],"version-history":[{"count":1,"href":"https:\/\/tvbrazilusa.com\/pt\/wp-json\/wp\/v2\/posts\/106306\/revisions"}],"predecessor-version":[{"id":106308,"href":"https:\/\/tvbrazilusa.com\/pt\/wp-json\/wp\/v2\/posts\/106306\/revisions\/106308"}],"wp:featuredmedia":[{"embeddable":true,"href":"https:\/\/tvbrazilusa.com\/pt\/wp-json\/wp\/v2\/media\/106307"}],"wp:attachment":[{"href":"https:\/\/tvbrazilusa.com\/pt\/wp-json\/wp\/v2\/media?parent=106306"}],"wp:term":[{"taxonomy":"category","embeddable":true,"href":"https:\/\/tvbrazilusa.com\/pt\/wp-json\/wp\/v2\/categories?post=106306"},{"taxonomy":"post_tag","embeddable":true,"href":"https:\/\/tvbrazilusa.com\/pt\/wp-json\/wp\/v2\/tags?post=106306"}],"curies":[{"name":"wp","href":"https:\/\/api.w.org\/{rel}","templated":true}]}}