{"id":106312,"date":"2025-02-24T22:48:42","date_gmt":"2025-02-24T22:48:42","guid":{"rendered":"https:\/\/tvbrazilusa.com\/2025\/02\/24\/homem-e-obrigado-a-mastigar-coracao-de-comparsa-torturado\/"},"modified":"2025-02-24T22:48:44","modified_gmt":"2025-02-24T22:48:44","slug":"homem-e-obrigado-a-mastigar-coracao-de-comparsa-torturado","status":"publish","type":"post","link":"https:\/\/tvbrazilusa.com\/pt\/2025\/02\/24\/homem-e-obrigado-a-mastigar-coracao-de-comparsa-torturado\/","title":{"rendered":"Homem \u00e9 obrigado a mastigar cora\u00e7\u00e3o de comparsa torturado"},"content":{"rendered":"<p> <script async src=\"https:\/\/pagead2.googlesyndication.com\/pagead\/js\/adsbygoogle.js?client=ca-pub-8864793242727901\"\r\n     crossorigin=\"anonymous\"><\/script><br \/>\n<\/p>\n<div id=\"taboola-read-more\" style=\"display:block; width:100%\">\n<p>Dois investigados de participar da morte de um homem e da tortura de outro em setembro de 2024 foram indiciados na \u00faltima quarta-feira (19\/2). O crime ocorreu em Paracatu, no noroeste de Minas Gerais. Os criminosos v\u00e3o responder pelo crime de homic\u00eddio, tortura, oculta\u00e7\u00e3o e vilip\u00eandio de cad\u00e1ver.\n<\/p>\n<p>Uma medida cautelar tamb\u00e9m foi solicitada contra um adolescente de 17 anos, que tamb\u00e9m teria participado do crime.<\/p>\n<p><strong>Furtos na regi\u00e3o<\/strong><br \/>De acordo com a Pol\u00edcia Civil de Minas Gerais (PMMG), o grupo espancou um homem de 31 anos at\u00e9 a morte e torturou outro, de 23, fazendo-o morder o cora\u00e7\u00e3o do colega morto em sua frente.\n<\/p>\n<p>Conforme a investiga\u00e7\u00e3o, o crime foi motivado pela suspeita de que uma das v\u00edtimas cometia pequenos furtos na cidade, o que incomodou um grupo ligado ao tr\u00e1fico de drogas.\n<\/p>\n<p>O sobrevivente foi mantido ref\u00e9m pelos criminosos, de 18 e 21 anos, al\u00e9m do adolescente. O homem viu o comparsa ser espancado e morto. Depois, os assassinos decapitaram o corpo da v\u00edtima e retiraram o cora\u00e7\u00e3o dele. Sob amea\u00e7a de morte, o homem que sobreviveu foi obrigado a mastigar o \u00f3rg\u00e3o do colega. Em seguida, ele teve de carregar o cad\u00e1ver para uma \u00e1rea de mata e os criminosos desovaram o corpo em uma cisterna.\n<\/p>\n<p>Com o apoio da Pol\u00edcia Militar de Minas Gerais, o homem de 21 anos foi preso e o adolescente, apreendido. Ap\u00f3s as investiga\u00e7\u00f5es, a Pol\u00edcia Civil representou pela pris\u00e3o tempor\u00e1ria dos envolvidos, o que foi aceito pelo J\u00fari Criminal de Paracatu.\n<\/p>\n<p>A corpora\u00e7\u00e3o apurou que os envolvidos no crime t\u00eam passagens por tr\u00e1fico de drogas e roubo.\n<\/p>\n<p>Fonte: Metr\u00f3poles              <\/p>\n<\/div>\n<p><br \/>\n<br \/><a href=\"https:\/\/diariodobrasilnoticias.com.br\/noticia\/homem-e-obrigado-a-mastigar-coracao-de-comparsa-torturado-67bccd58e0f0d\">Source link <\/a><\/p>","protected":false},"excerpt":{"rendered":"<p>Dois investigados de participar da morte de um homem e da tortura de outro em setembro de 2024 foram indiciados na \u00faltima quarta-feira (19\/2). O crime ocorreu em Paracatu, no&hellip;<\/p>","protected":false},"author":1,"featured_media":106313,"comment_status":"closed","ping_status":"open","sticky":false,"template":"","format":"standard","meta":{"content-type":"","footnotes":""},"categories":[16],"tags":[123,2448,5313,1267],"class_list":["post-106312","post","type-post","status-publish","format-standard","has-post-thumbnail","hentry","category-noticias","tag-brasil","tag-diario","tag-noticia","tag-noticias"],"_links":{"self":[{"href":"https:\/\/tvbrazilusa.com\/pt\/wp-json\/wp\/v2\/posts\/106312","targetHints":{"allow":["GET"]}}],"collection":[{"href":"https:\/\/tvbrazilusa.com\/pt\/wp-json\/wp\/v2\/posts"}],"about":[{"href":"https:\/\/tvbrazilusa.com\/pt\/wp-json\/wp\/v2\/types\/post"}],"author":[{"embeddable":true,"href":"https:\/\/tvbrazilusa.com\/pt\/wp-json\/wp\/v2\/users\/1"}],"replies":[{"embeddable":true,"href":"https:\/\/tvbrazilusa.com\/pt\/wp-json\/wp\/v2\/comments?post=106312"}],"version-history":[{"count":1,"href":"https:\/\/tvbrazilusa.com\/pt\/wp-json\/wp\/v2\/posts\/106312\/revisions"}],"predecessor-version":[{"id":106314,"href":"https:\/\/tvbrazilusa.com\/pt\/wp-json\/wp\/v2\/posts\/106312\/revisions\/106314"}],"wp:featuredmedia":[{"embeddable":true,"href":"https:\/\/tvbrazilusa.com\/pt\/wp-json\/wp\/v2\/media\/106313"}],"wp:attachment":[{"href":"https:\/\/tvbrazilusa.com\/pt\/wp-json\/wp\/v2\/media?parent=106312"}],"wp:term":[{"taxonomy":"category","embeddable":true,"href":"https:\/\/tvbrazilusa.com\/pt\/wp-json\/wp\/v2\/categories?post=106312"},{"taxonomy":"post_tag","embeddable":true,"href":"https:\/\/tvbrazilusa.com\/pt\/wp-json\/wp\/v2\/tags?post=106312"}],"curies":[{"name":"wp","href":"https:\/\/api.w.org\/{rel}","templated":true}]}}