{"id":106315,"date":"2025-02-24T23:00:06","date_gmt":"2025-02-24T23:00:06","guid":{"rendered":"https:\/\/tvbrazilusa.com\/2025\/02\/24\/homem-sofre-queda-em-tirolesa-veja-video\/"},"modified":"2025-02-24T23:00:08","modified_gmt":"2025-02-24T23:00:08","slug":"homem-sofre-queda-em-tirolesa-veja-video","status":"publish","type":"post","link":"https:\/\/tvbrazilusa.com\/pt\/2025\/02\/24\/homem-sofre-queda-em-tirolesa-veja-video\/","title":{"rendered":"Homem sofre queda em tirolesa; VEJA V\u00cdDEO"},"content":{"rendered":"<p> <script async src=\"https:\/\/pagead2.googlesyndication.com\/pagead\/js\/adsbygoogle.js?client=ca-pub-8864793242727901\"\r\n     crossorigin=\"anonymous\"><\/script><br \/>\n<\/p>\n<div id=\"taboola-read-more\" style=\"display:block; width:100%\">\n<p>No \u00faltimo domingo (24), um acidente ocorreu na Lagoa do Carcar\u00e1. Um homem se acidentou ao brincar em uma tirolesa.\n<\/p>\n<p>Autoridades locais investigam o incidente para garantir seguran\u00e7a em atividades de lazer.<\/p>\n<p><strong>ASSISTA:<\/strong>\n<\/p>\n<p>Fonte: @rudimarramon \/ Instagram              <\/p>\n<\/div>\n<p><br \/>\n<br \/><a href=\"https:\/\/diariodobrasilnoticias.com.br\/noticia\/homem-sofre-queda-em-tirolesa-veja-video-67bccf016e051\">Source link <\/a><\/p>","protected":false},"excerpt":{"rendered":"<p>No \u00faltimo domingo (24), um acidente ocorreu na Lagoa do Carcar\u00e1. Um homem se acidentou ao brincar em uma tirolesa. Autoridades locais investigam o incidente para garantir seguran\u00e7a em atividades&hellip;<\/p>","protected":false},"author":1,"featured_media":106316,"comment_status":"closed","ping_status":"open","sticky":false,"template":"","format":"standard","meta":{"content-type":"","footnotes":""},"categories":[16],"tags":[123,2448,5313,1267],"class_list":["post-106315","post","type-post","status-publish","format-standard","has-post-thumbnail","hentry","category-noticias","tag-brasil","tag-diario","tag-noticia","tag-noticias"],"_links":{"self":[{"href":"https:\/\/tvbrazilusa.com\/pt\/wp-json\/wp\/v2\/posts\/106315","targetHints":{"allow":["GET"]}}],"collection":[{"href":"https:\/\/tvbrazilusa.com\/pt\/wp-json\/wp\/v2\/posts"}],"about":[{"href":"https:\/\/tvbrazilusa.com\/pt\/wp-json\/wp\/v2\/types\/post"}],"author":[{"embeddable":true,"href":"https:\/\/tvbrazilusa.com\/pt\/wp-json\/wp\/v2\/users\/1"}],"replies":[{"embeddable":true,"href":"https:\/\/tvbrazilusa.com\/pt\/wp-json\/wp\/v2\/comments?post=106315"}],"version-history":[{"count":1,"href":"https:\/\/tvbrazilusa.com\/pt\/wp-json\/wp\/v2\/posts\/106315\/revisions"}],"predecessor-version":[{"id":106317,"href":"https:\/\/tvbrazilusa.com\/pt\/wp-json\/wp\/v2\/posts\/106315\/revisions\/106317"}],"wp:featuredmedia":[{"embeddable":true,"href":"https:\/\/tvbrazilusa.com\/pt\/wp-json\/wp\/v2\/media\/106316"}],"wp:attachment":[{"href":"https:\/\/tvbrazilusa.com\/pt\/wp-json\/wp\/v2\/media?parent=106315"}],"wp:term":[{"taxonomy":"category","embeddable":true,"href":"https:\/\/tvbrazilusa.com\/pt\/wp-json\/wp\/v2\/categories?post=106315"},{"taxonomy":"post_tag","embeddable":true,"href":"https:\/\/tvbrazilusa.com\/pt\/wp-json\/wp\/v2\/tags?post=106315"}],"curies":[{"name":"wp","href":"https:\/\/api.w.org\/{rel}","templated":true}]}}