{"id":106321,"date":"2025-02-24T23:22:26","date_gmt":"2025-02-24T23:22:26","guid":{"rendered":"https:\/\/tvbrazilusa.com\/2025\/02\/24\/de-acordo-com-o-advogado-do-x-a-acao-contra-moraes-nos-eua-pode-influenciar-as-regras-das-redes-no-brasil\/"},"modified":"2025-02-24T23:22:28","modified_gmt":"2025-02-24T23:22:28","slug":"de-acordo-com-o-advogado-do-x-a-acao-contra-moraes-nos-eua-pode-influenciar-as-regras-das-redes-no-brasil","status":"publish","type":"post","link":"https:\/\/tvbrazilusa.com\/pt\/2025\/02\/24\/de-acordo-com-o-advogado-do-x-a-acao-contra-moraes-nos-eua-pode-influenciar-as-regras-das-redes-no-brasil\/","title":{"rendered":"De acordo com o advogado do X, a a\u00e7\u00e3o contra Moraes nos EUA pode influenciar as regras das redes no Brasil"},"content":{"rendered":"<p> <script async src=\"https:\/\/pagead2.googlesyndication.com\/pagead\/js\/adsbygoogle.js?client=ca-pub-8864793242727901\"\r\n     crossorigin=\"anonymous\"><\/script><br \/>\n<\/p>\n<div id=\"taboola-read-more\" style=\"display:block; width:100%\">\n<p>A Justi\u00e7a dos Estados Unidos analisa uma a\u00e7\u00e3o contra o ministro Alexandre de Moraes, do Supremo Tribunal Federal (STF), por suposta viola\u00e7\u00e3o \u00e0 soberania norte-americana. O desfecho do processo \u00e9 incerto, mas o impacto pol\u00edtico \u00e9 significativo e pode influenciar decis\u00f5es no Brasil. Essa \u00e9 avalia\u00e7\u00e3o do criminalista S\u00e9rgio Rosenthal, um dos advogados da rede social X no Brasil.\n<\/p>\n<p>\u201cN\u00e3o deixa de ser um constrangimento para o ministro, e deve influenciar o debate sobre o aprimoramento da regula\u00e7\u00e3o das plataformas digitais, assim como novas decis\u00f5es de Alexandre de Moraes\u201d, afirmou Rosenthal, em entrevista ao jornal O Estado de S. Paulo.<\/p>\n<p>Moraes \u00e9 alvo de um processo movido pela Trump Media, empresa do presidente dos EUA, Donald Trump, e pela plataforma Rumble.\n<\/p>\n<p>Processo de Moraes e regula\u00e7\u00e3o das redes no Brasil<br \/>Na entrevista, o advogado evita comentar o processo do X no STF, que envolve atritos com Moraes, mas discute a necessidade de aperfei\u00e7oar a legisla\u00e7\u00e3o sobre plataformas digitais.\n<\/p>\n<p>Rosenthal defende que o Marco Civil da Internet j\u00e1 estabelece regras equilibradas para a regula\u00e7\u00e3o das plataformas, por\u00e9m, admite a necessidade de aprimoramentos. O criminalista critica o STF por extrapolar suas fun\u00e7\u00f5es ao ampliar a responsabilidade das plataformas digitais. Para ele, qualquer altera\u00e7\u00e3o na legisla\u00e7\u00e3o deve ser feita pelo Congresso.\n<\/p>\n<p>\u201cTalvez n\u00e3o seja 100% eficiente para o presente momento e algum aprimoramento seja necess\u00e1rio\u201d, disse Rosenthal. \u201cMas, de todo modo, n\u00e3o vejo isso como uma atribui\u00e7\u00e3o do Supremo Tribunal Federal ou de qualquer \u00f3rg\u00e3o do nosso Poder Judici\u00e1rio. Cabe ao Congresso Nacional legislar sobre o tema.\u201d\n<\/p>\n<p><strong>Leia tamb\u00e9m: \u201cConta de Moraes no X \u00e9 encerrada\u201d<\/strong>\n<\/p>\n<p>Rosenthal tamb\u00e9m questiona o tempo excessivo de investiga\u00e7\u00f5es conduzidas pelo STF, como os inqu\u00e9ritos sobre mil\u00edcias digitais. Ele alerta para decis\u00f5es que determinam o banimento de usu\u00e1rios das redes sociais sem prazo definido, algo que considera ilegal.\n<\/p>\n<p>\u201cO Marco Civil da Internet prev\u00ea que, por ordem judicial, se suprima conte\u00fado considerado il\u00edcito, mas n\u00e3o prev\u00ea o banimento permanente de usu\u00e1rios. Isso implica censura\u201d, afirmou o advogado.\n<\/p>\n<p>Leia o artigo \u201cIlusionistas de picadeiro\u201d, de Augusto Nunes, na Edi\u00e7\u00e3o 257 da Revista Oeste\n<\/p>\n<p>Ele tamb\u00e9m argumenta que v\u00ea teor pol\u00edtico nas decis\u00f5es do STF.\n<\/p>\n<p><strong>\u201cEu vejo hoje o Supremo como uma Corte bastante politizada\u201d, disse Rosenthal. \u201c\u00c9 n\u00edtido para mim esse aspecto das decis\u00f5es judiciais, e isso \u00e9 natural. Isso pode ser velado ou pode ser expresso. E acho que hoje em dia explicitamente os ministros se manifestam politicamente e, ent\u00e3o, isso deve ser compreendido como mais um elemento que \u00e9 sopesado pelo Supremo Tribunal Federal no momento em que toma suas decis\u00f5es.\u201d<\/strong>\n<\/p>\n<p>Fonte: Revista Oeste              <\/p>\n<\/div>\n<p><br \/>\n<br \/><a href=\"https:\/\/diariodobrasilnoticias.com.br\/noticia\/de-acordo-com-o-advogado-do-x-a-acao-contra-moraes-nos-eua-pode-influenciar-as-regras-das-redes-no-brasil-67bcdfcc6b159\">Source link <\/a><\/p>","protected":false},"excerpt":{"rendered":"<p>A Justi\u00e7a dos Estados Unidos analisa uma a\u00e7\u00e3o contra o ministro Alexandre de Moraes, do Supremo Tribunal Federal (STF), por suposta viola\u00e7\u00e3o \u00e0 soberania norte-americana. O desfecho do processo \u00e9&hellip;<\/p>","protected":false},"author":1,"featured_media":106322,"comment_status":"closed","ping_status":"open","sticky":false,"template":"","format":"standard","meta":{"content-type":"","footnotes":""},"categories":[16],"tags":[123,2448,5313,1267],"class_list":["post-106321","post","type-post","status-publish","format-standard","has-post-thumbnail","hentry","category-noticias","tag-brasil","tag-diario","tag-noticia","tag-noticias"],"_links":{"self":[{"href":"https:\/\/tvbrazilusa.com\/pt\/wp-json\/wp\/v2\/posts\/106321","targetHints":{"allow":["GET"]}}],"collection":[{"href":"https:\/\/tvbrazilusa.com\/pt\/wp-json\/wp\/v2\/posts"}],"about":[{"href":"https:\/\/tvbrazilusa.com\/pt\/wp-json\/wp\/v2\/types\/post"}],"author":[{"embeddable":true,"href":"https:\/\/tvbrazilusa.com\/pt\/wp-json\/wp\/v2\/users\/1"}],"replies":[{"embeddable":true,"href":"https:\/\/tvbrazilusa.com\/pt\/wp-json\/wp\/v2\/comments?post=106321"}],"version-history":[{"count":1,"href":"https:\/\/tvbrazilusa.com\/pt\/wp-json\/wp\/v2\/posts\/106321\/revisions"}],"predecessor-version":[{"id":106323,"href":"https:\/\/tvbrazilusa.com\/pt\/wp-json\/wp\/v2\/posts\/106321\/revisions\/106323"}],"wp:featuredmedia":[{"embeddable":true,"href":"https:\/\/tvbrazilusa.com\/pt\/wp-json\/wp\/v2\/media\/106322"}],"wp:attachment":[{"href":"https:\/\/tvbrazilusa.com\/pt\/wp-json\/wp\/v2\/media?parent=106321"}],"wp:term":[{"taxonomy":"category","embeddable":true,"href":"https:\/\/tvbrazilusa.com\/pt\/wp-json\/wp\/v2\/categories?post=106321"},{"taxonomy":"post_tag","embeddable":true,"href":"https:\/\/tvbrazilusa.com\/pt\/wp-json\/wp\/v2\/tags?post=106321"}],"curies":[{"name":"wp","href":"https:\/\/api.w.org\/{rel}","templated":true}]}}