{"id":106324,"date":"2025-02-24T23:36:04","date_gmt":"2025-02-24T23:36:04","guid":{"rendered":"https:\/\/tvbrazilusa.com\/2025\/02\/24\/trump-declara-que-putin-aceitara-forcas-de-paz-na-ucrania\/"},"modified":"2025-02-24T23:36:06","modified_gmt":"2025-02-24T23:36:06","slug":"trump-declara-que-putin-aceitara-forcas-de-paz-na-ucrania","status":"publish","type":"post","link":"https:\/\/tvbrazilusa.com\/pt\/2025\/02\/24\/trump-declara-que-putin-aceitara-forcas-de-paz-na-ucrania\/","title":{"rendered":"Trump declara que Putin aceitar\u00e1 for\u00e7as de paz na Ucr\u00e2nia"},"content":{"rendered":"<p> <script async src=\"https:\/\/pagead2.googlesyndication.com\/pagead\/js\/adsbygoogle.js?client=ca-pub-8864793242727901\"\r\n     crossorigin=\"anonymous\"><\/script><br \/>\n<\/p>\n<div id=\"taboola-read-more\" style=\"display:block; width:100%\">\n<p>Em um desdobramento significativo no cen\u00e1rio da guerra na Ucr\u00e2nia, o presidente dos Estados Unidos, Donald Trump, declarou n\u00e3o ver problemas no envio de uma for\u00e7a de paz europeia ao territ\u00f3rio ucraniano, ap\u00f3s o recente acordo de tr\u00e9gua entre o pa\u00eds e a R\u00fassia.\n<\/p>\n<p>A medida foi anunciada nesta segunda-feira (24\/2), em meio a uma nova estrat\u00e9gia para garantir estabilidade na regi\u00e3o, com foco em assegurar a paz e evitar novas escaladas o conflito.<\/p>\n<p>A decis\u00e3o ocorre ap\u00f3s semanas de negocia\u00e7\u00f5es, com os aliados europeus buscando uma maneira de auxiliar na implementa\u00e7\u00e3o de tr\u00e9gua e garantir que o cessar-fogo seja cumprido.\n<\/p>\n<p>Trump afirmou que conversou por liga\u00e7\u00e3o com o presidente russo, Vladimir Putin, e declarou que \u201cPutin aceitar\u00e1\u201d a perman\u00eancia de tropas em territ\u00f3rio ucraniano. As declara\u00e7\u00f5es do norte-americano aconteceram na companhia do presidente franc\u00eas, Emmanuel Macron, que compareceu a uma reuni\u00e3o na Casa Branca.\n<\/p>\n<p>Ao longo de tr\u00eas anos de guerra da Ucr\u00e2nia, o presidente americano reafirmou in\u00fameras vezes que consideraria a presen\u00e7a de tropas do ocidente no pa\u00eds. Entretanto, as tropas europeias n\u00e3o lutariam em prol dos soldados de Kiev, mas seriam enviadas para estabelecer a paz em territ\u00f3rio ucraniano. Macron confirmou a inten\u00e7\u00e3o de n\u00e3o colocar soldados europeus no front, mas somente como garantia de que os combates fossem encerrados.\n<\/p>\n<p>Keir Starmer, primeiro-ministro brit\u00e2nico, declarou estar \u201cpronto e disposto\u201d a enviar for\u00e7as brit\u00e2nicas para a Ucr\u00e2nia, realizando ent\u00e3o um desejo antigo.\n<\/p>\n<p>No \u00faltimo domingo (23\/2), o presidente da Ucr\u00e2nia, Volodymyr Zelensky, mostrou-se disposto a deixar o governo ucraniano em troca de um fim da guerra na Ucr\u00e2nia. Trump declarou que pretende encontrar Zelensky em breve para assinar o acordo.\n<\/p>\n<p>Fonte: Metr\u00f3poles              <\/p>\n<\/div>\n<p><br \/>\n<br \/><a href=\"https:\/\/diariodobrasilnoticias.com.br\/noticia\/trump-declara-que-putin-aceitara-forcas-de-paz-na-ucrania-67bceda1463df\">Source link <\/a><\/p>","protected":false},"excerpt":{"rendered":"<p>Em um desdobramento significativo no cen\u00e1rio da guerra na Ucr\u00e2nia, o presidente dos Estados Unidos, Donald Trump, declarou n\u00e3o ver problemas no envio de uma for\u00e7a de paz europeia ao&hellip;<\/p>","protected":false},"author":1,"featured_media":106325,"comment_status":"closed","ping_status":"open","sticky":false,"template":"","format":"standard","meta":{"content-type":"","footnotes":""},"categories":[16],"tags":[123,2448,5313,1267],"class_list":["post-106324","post","type-post","status-publish","format-standard","has-post-thumbnail","hentry","category-noticias","tag-brasil","tag-diario","tag-noticia","tag-noticias"],"_links":{"self":[{"href":"https:\/\/tvbrazilusa.com\/pt\/wp-json\/wp\/v2\/posts\/106324","targetHints":{"allow":["GET"]}}],"collection":[{"href":"https:\/\/tvbrazilusa.com\/pt\/wp-json\/wp\/v2\/posts"}],"about":[{"href":"https:\/\/tvbrazilusa.com\/pt\/wp-json\/wp\/v2\/types\/post"}],"author":[{"embeddable":true,"href":"https:\/\/tvbrazilusa.com\/pt\/wp-json\/wp\/v2\/users\/1"}],"replies":[{"embeddable":true,"href":"https:\/\/tvbrazilusa.com\/pt\/wp-json\/wp\/v2\/comments?post=106324"}],"version-history":[{"count":1,"href":"https:\/\/tvbrazilusa.com\/pt\/wp-json\/wp\/v2\/posts\/106324\/revisions"}],"predecessor-version":[{"id":106326,"href":"https:\/\/tvbrazilusa.com\/pt\/wp-json\/wp\/v2\/posts\/106324\/revisions\/106326"}],"wp:featuredmedia":[{"embeddable":true,"href":"https:\/\/tvbrazilusa.com\/pt\/wp-json\/wp\/v2\/media\/106325"}],"wp:attachment":[{"href":"https:\/\/tvbrazilusa.com\/pt\/wp-json\/wp\/v2\/media?parent=106324"}],"wp:term":[{"taxonomy":"category","embeddable":true,"href":"https:\/\/tvbrazilusa.com\/pt\/wp-json\/wp\/v2\/categories?post=106324"},{"taxonomy":"post_tag","embeddable":true,"href":"https:\/\/tvbrazilusa.com\/pt\/wp-json\/wp\/v2\/tags?post=106324"}],"curies":[{"name":"wp","href":"https:\/\/api.w.org\/{rel}","templated":true}]}}