{"id":106327,"date":"2025-02-24T23:50:30","date_gmt":"2025-02-24T23:50:30","guid":{"rendered":"https:\/\/tvbrazilusa.com\/2025\/02\/24\/moraes-decide-manter-a-prisao-da-cabeleireira-que-manchou-a-estatua-com-batom-no-8-1\/"},"modified":"2025-02-24T23:50:32","modified_gmt":"2025-02-24T23:50:32","slug":"moraes-decide-manter-a-prisao-da-cabeleireira-que-manchou-a-estatua-com-batom-no-8-1","status":"publish","type":"post","link":"https:\/\/tvbrazilusa.com\/pt\/2025\/02\/24\/moraes-decide-manter-a-prisao-da-cabeleireira-que-manchou-a-estatua-com-batom-no-8-1\/","title":{"rendered":"Moraes decide manter a pris\u00e3o da cabeleireira que manchou a est\u00e1tua com batom no 8\/1"},"content":{"rendered":"<p> <script async src=\"https:\/\/pagead2.googlesyndication.com\/pagead\/js\/adsbygoogle.js?client=ca-pub-8864793242727901\"\r\n     crossorigin=\"anonymous\"><\/script><br \/>\n<\/p>\n<div id=\"taboola-read-more\" style=\"display:block; width:100%\">\n<p>O ministro Alexandre de Moraes, do Supremo Tribunal Federal (STF), manteve a pris\u00e3o preventiva da cabeleireira D\u00e9bora dos Santos, detida por causa do 8 de janeiro. A defesa tentava obter o regime domiciliar.\n<\/p>\n<p>Proferida na sexta-feira 21, a decis\u00e3o ocorreu mesmo depois de D\u00e9bora mandar uma carta \u00e0 Corte, na qual pediu desculpa por escrever \u201cperdeu, man\u00e9\u201d, com batom, na est\u00e1tua da deusa T\u00eamis, que fica em frente ao STF.<\/p>\n<p>Desde mar\u00e7o de 2023, a paulista de Paul\u00ednia se encontra no c\u00e1rcere. Durante um ano, ela permaneceu enjaulada, mesmo sem den\u00fancia formal da Procuradoria-Geral da Rep\u00fablica (PGR). A PGR s\u00f3 ofereceu a acusa\u00e7\u00e3o depois de Oeste revelar que a mulher estava no pres\u00eddio sem queixa. Pouco depois, a 1\u00aa Turma do STF tornou D\u00e9bora r\u00e9. Caso seja condenada pelo STF, D\u00e9bora pode pegar at\u00e9 17 anos de cadeia.\n<\/p>\n<p>Embora n\u00e3o se saiba a justificativa de Moraes para rejeitar outra vez a liberdade \u00e0 mulher, em outra oportunidade o juiz do STF alegou o seguinte: \u201cN\u00e3o merece prosperar o pleito pela substitui\u00e7\u00e3o da pris\u00e3o preventiva pela pris\u00e3o domiciliar (\u2026) Na presente hip\u00f3tese, permanece poss\u00edvel a restri\u00e7\u00e3o excepcional da liberdade de ir e vir, ante a periculosidade social e a gravidade das condutas atribu\u00eddas \u00e0 r\u00e9, conforme den\u00fancia oferecida pela PGR\u201d.\n<\/p>\n<p><strong>Quem \u00e9 D\u00e9bora dos Santos<\/strong>\n<\/p>\n<p>Casada com o pintor Nilton Cesar, D\u00e9bora \u00e9 m\u00e3e de duas crian\u00e7as, uma com 6 anos e outra com 9 anos.\n<\/p>\n<p>A mulher tamb\u00e9m \u00e9 religiosa. Antes de ir para a cadeia, D\u00e9bora frequentava a Igreja Adventista do 7\u00ba Dia.\n<\/p>\n<p>No ano passado, os filhos de D\u00e9bora gravaram um v\u00eddeo no qual fizeram um apelo \u00e0 Justi\u00e7a pela soltura da m\u00e3e. Diversos parlamentares, como os deputados federais Gustavo Gayer (PL-GO) e Bia Kicis (PL-DF), compartilharam o conte\u00fado. \u201cTodos v\u00e3o pagar por isso\u201d, disse Gayer. \u201cIsso \u00e9 cruel e desumano\u201d, constatou Bia, ao mencionar o projeto de lei da anistia.\n<\/p>\n<p>Fonte: Revista Oeste              <\/p>\n<\/div>\n<p><br \/>\n<br \/><a href=\"https:\/\/diariodobrasilnoticias.com.br\/noticia\/moraes-decide-manter-a-prisao-da-cabeleireira-que-manchou-a-estatua-com-batom-no-8-1-67bced2825397\">Source link <\/a><\/p>","protected":false},"excerpt":{"rendered":"<p>O ministro Alexandre de Moraes, do Supremo Tribunal Federal (STF), manteve a pris\u00e3o preventiva da cabeleireira D\u00e9bora dos Santos, detida por causa do 8 de janeiro. A defesa tentava obter&hellip;<\/p>","protected":false},"author":1,"featured_media":106328,"comment_status":"closed","ping_status":"open","sticky":false,"template":"","format":"standard","meta":{"content-type":"","footnotes":""},"categories":[16],"tags":[123,2448,5313,1267],"class_list":["post-106327","post","type-post","status-publish","format-standard","has-post-thumbnail","hentry","category-noticias","tag-brasil","tag-diario","tag-noticia","tag-noticias"],"_links":{"self":[{"href":"https:\/\/tvbrazilusa.com\/pt\/wp-json\/wp\/v2\/posts\/106327","targetHints":{"allow":["GET"]}}],"collection":[{"href":"https:\/\/tvbrazilusa.com\/pt\/wp-json\/wp\/v2\/posts"}],"about":[{"href":"https:\/\/tvbrazilusa.com\/pt\/wp-json\/wp\/v2\/types\/post"}],"author":[{"embeddable":true,"href":"https:\/\/tvbrazilusa.com\/pt\/wp-json\/wp\/v2\/users\/1"}],"replies":[{"embeddable":true,"href":"https:\/\/tvbrazilusa.com\/pt\/wp-json\/wp\/v2\/comments?post=106327"}],"version-history":[{"count":1,"href":"https:\/\/tvbrazilusa.com\/pt\/wp-json\/wp\/v2\/posts\/106327\/revisions"}],"predecessor-version":[{"id":106329,"href":"https:\/\/tvbrazilusa.com\/pt\/wp-json\/wp\/v2\/posts\/106327\/revisions\/106329"}],"wp:featuredmedia":[{"embeddable":true,"href":"https:\/\/tvbrazilusa.com\/pt\/wp-json\/wp\/v2\/media\/106328"}],"wp:attachment":[{"href":"https:\/\/tvbrazilusa.com\/pt\/wp-json\/wp\/v2\/media?parent=106327"}],"wp:term":[{"taxonomy":"category","embeddable":true,"href":"https:\/\/tvbrazilusa.com\/pt\/wp-json\/wp\/v2\/categories?post=106327"},{"taxonomy":"post_tag","embeddable":true,"href":"https:\/\/tvbrazilusa.com\/pt\/wp-json\/wp\/v2\/tags?post=106327"}],"curies":[{"name":"wp","href":"https:\/\/api.w.org\/{rel}","templated":true}]}}