{"id":106330,"date":"2025-02-25T00:01:57","date_gmt":"2025-02-25T00:01:57","guid":{"rendered":"https:\/\/tvbrazilusa.com\/2025\/02\/25\/segundo-moraes-as-big-techs-nao-sao-enviadas-por-deus-e-ele-relaciona-as-redes-sociais-ao-fascismo\/"},"modified":"2025-02-25T00:01:58","modified_gmt":"2025-02-25T00:01:58","slug":"segundo-moraes-as-big-techs-nao-sao-enviadas-por-deus-e-ele-relaciona-as-redes-sociais-ao-fascismo","status":"publish","type":"post","link":"https:\/\/tvbrazilusa.com\/pt\/2025\/02\/25\/segundo-moraes-as-big-techs-nao-sao-enviadas-por-deus-e-ele-relaciona-as-redes-sociais-ao-fascismo\/","title":{"rendered":"Segundo Moraes, as big techs n\u00e3o s\u00e3o enviadas por Deus e ele relaciona as redes sociais ao fascismo"},"content":{"rendered":"<p> <script async src=\"https:\/\/pagead2.googlesyndication.com\/pagead\/js\/adsbygoogle.js?client=ca-pub-8864793242727901\"\r\n     crossorigin=\"anonymous\"><\/script><br \/>\n<\/p>\n<div id=\"taboola-read-more\" style=\"display:block; width:100%\">\n<p>Em meio a embates com grandes empresas de tecnologia, o ministro Alexandre de Moraes, do STF (Supremo Tribunal Federal), fez um discurso de cerca de 45 minutos aos novos alunos da Faculdade de Direito da USP criticando as big techs nesta segunda (24).\n<\/p>\n<p>O magistrado afirmou que &#8220;as big techs n\u00e3o s\u00e3o enviadas de Deus, como alguns querem&#8221;.<\/p>\n<p>&#8220;Elas n\u00e3o s\u00e3o neutras. S\u00e3o grupos econ\u00f4micos que querem dominar a economia e a pol\u00edtica mundial, ignorando fronteiras, ignorando a soberania nacional de cada pa\u00eds, ignorando legisla\u00e7\u00f5es, para terem poder e lucro&#8221;, afirmou.\n<\/p>\n<p>Ele associou essas companhias ao fascismo e a uma lavagem cerebral, afirmando que as redes sociais foram instrumentalizadas pela extrema direita em diferentes pa\u00edses para atacar o que chamou de tr\u00eas pilares da democracia: imprensa livre, elei\u00e7\u00f5es peri\u00f3dicas e Judici\u00e1rio independente.\n<\/p>\n<p>&#8220;Estamos come\u00e7ando a entender como se deu esse processo de transformar as redes sociais em instrumentos de uma ideologia nefasta, o fascismo, disseminando discursos de \u00f3dio, misoginia, homofobia e at\u00e9 ideias nazistas&#8221;, declarou.\n<\/p>\n<p>Descreveu ent\u00e3o o que seria o &#8220;modus operandi&#8221; dos &#8220;movimentos de populismo digital extremista&#8221;.\n<\/p>\n<p>&#8220;Em nenhum lugar do mundo esses grupos dizem que s\u00e3o contra a democracia. Eles dizem: &#8216;essa democracia tem fraudes&#8217;. Ent\u00e3o, essa n\u00e3o vale. Se eu perder, n\u00e3o vale. S\u00f3 tem democracia se eu ganhar. E para fortalecer a democracia, eu tenho que tomar o poder. Esse \u00e9 o discurso.&#8221;\n<\/p>\n<p>Na semana passada, Moraes foi alvo de uma a\u00e7\u00e3o conjunta em um tribunal federal dos EUA impetrada pela empresa de m\u00eddia do presidente Donald Trump e pela plataforma de v\u00eddeos Rumble. O processo foi movido em distrito na Fl\u00f3rida onde o Rumble est\u00e1 sediado.\n<\/p>\n<p>As plataformas afirmam que recentes ordens de Moraes determinando que o Rumble feche a conta do influenciador bolsonarista Allan dos Santos e forne\u00e7a os seus dados de usu\u00e1rio violam a soberania dos Estados Unidos, a Constitui\u00e7\u00e3o americana e as leis do pa\u00eds.\n<\/p>\n<p>O Rumble saiu do Brasil em dezembro de 2023 devido ao que descreveu como diversas &#8220;ordens injustas de censura&#8221; emitidas por Moraes para banir da plataforma criadores de conte\u00fado e figuras p\u00fablicas, incluindo parlamentares.\n<\/p>\n<p>Na \u00e9poca, Moraes determinou que o Rumble mantivesse sigilo sobre essas ordens, amea\u00e7ando a empresa com a interrup\u00e7\u00e3o de seus servi\u00e7os no Brasil caso n\u00e3o a cumprisse imediatamente. A decis\u00e3o da plataforma de sair do pa\u00eds se deu para evitar a imposi\u00e7\u00e3o de multas pela Justi\u00e7a brasileira.\n<\/p>\n<p>Um dia depois de a Folha revelar a a\u00e7\u00e3o judicial, na sexta (21), Moraes mandou suspender a plataforma em todo o territ\u00f3rio nacional. Ele afirmou que a medida era necess\u00e1ria diante de &#8220;reiterados, conscientes e volunt\u00e1rios descumprimentos das ordens judiciais&#8221;.\n<\/p>\n<p>No mesmo dia, a conta do ministro no X (ex-Twitter) apareceu desativada. Segundo o STF, foi o pr\u00f3prio Moraes que inativou o seu perfil, pois j\u00e1 n\u00e3o o utilizava desde janeiro de 2024. &#8220;Me retirei&#8221;, disse \u00e0 CNN Brasil o ministro, que tem promovido uma s\u00e9rie de decis\u00f5es duras contra a plataforma do empres\u00e1rio Elon Musk.\n<\/p>\n<p>Fonte: Folha de S.Paulo              <\/p>\n<\/div>\n<p><br \/>\n<br \/><a href=\"https:\/\/diariodobrasilnoticias.com.br\/noticia\/segundo-moraes-as-big-techs-nao-sao-enviadas-por-deus-e-ele-relaciona-as-redes-sociais-ao-fascismo-67bcfbcb897b3\">Source link <\/a><\/p>","protected":false},"excerpt":{"rendered":"<p>Em meio a embates com grandes empresas de tecnologia, o ministro Alexandre de Moraes, do STF (Supremo Tribunal Federal), fez um discurso de cerca de 45 minutos aos novos alunos&hellip;<\/p>","protected":false},"author":1,"featured_media":106331,"comment_status":"closed","ping_status":"open","sticky":false,"template":"","format":"standard","meta":{"content-type":"","footnotes":""},"categories":[16],"tags":[123,2448,5313,1267],"class_list":["post-106330","post","type-post","status-publish","format-standard","has-post-thumbnail","hentry","category-noticias","tag-brasil","tag-diario","tag-noticia","tag-noticias"],"_links":{"self":[{"href":"https:\/\/tvbrazilusa.com\/pt\/wp-json\/wp\/v2\/posts\/106330","targetHints":{"allow":["GET"]}}],"collection":[{"href":"https:\/\/tvbrazilusa.com\/pt\/wp-json\/wp\/v2\/posts"}],"about":[{"href":"https:\/\/tvbrazilusa.com\/pt\/wp-json\/wp\/v2\/types\/post"}],"author":[{"embeddable":true,"href":"https:\/\/tvbrazilusa.com\/pt\/wp-json\/wp\/v2\/users\/1"}],"replies":[{"embeddable":true,"href":"https:\/\/tvbrazilusa.com\/pt\/wp-json\/wp\/v2\/comments?post=106330"}],"version-history":[{"count":1,"href":"https:\/\/tvbrazilusa.com\/pt\/wp-json\/wp\/v2\/posts\/106330\/revisions"}],"predecessor-version":[{"id":106332,"href":"https:\/\/tvbrazilusa.com\/pt\/wp-json\/wp\/v2\/posts\/106330\/revisions\/106332"}],"wp:featuredmedia":[{"embeddable":true,"href":"https:\/\/tvbrazilusa.com\/pt\/wp-json\/wp\/v2\/media\/106331"}],"wp:attachment":[{"href":"https:\/\/tvbrazilusa.com\/pt\/wp-json\/wp\/v2\/media?parent=106330"}],"wp:term":[{"taxonomy":"category","embeddable":true,"href":"https:\/\/tvbrazilusa.com\/pt\/wp-json\/wp\/v2\/categories?post=106330"},{"taxonomy":"post_tag","embeddable":true,"href":"https:\/\/tvbrazilusa.com\/pt\/wp-json\/wp\/v2\/tags?post=106330"}],"curies":[{"name":"wp","href":"https:\/\/api.w.org\/{rel}","templated":true}]}}