{"id":106333,"date":"2025-02-25T00:13:11","date_gmt":"2025-02-25T00:13:11","guid":{"rendered":"https:\/\/tvbrazilusa.com\/2025\/02\/25\/paciente-e-operado-com-brinquedo-preso-no-reto-amarrem-uma-cordinha-veja-video\/"},"modified":"2025-02-25T00:13:13","modified_gmt":"2025-02-25T00:13:13","slug":"paciente-e-operado-com-brinquedo-preso-no-reto-amarrem-uma-cordinha-veja-video","status":"publish","type":"post","link":"https:\/\/tvbrazilusa.com\/pt\/2025\/02\/25\/paciente-e-operado-com-brinquedo-preso-no-reto-amarrem-uma-cordinha-veja-video\/","title":{"rendered":"Paciente \u00e9 operado com brinquedo preso no reto: &#8216;Amarrem uma cordinha&#8217;; VEJA V\u00cdDEO"},"content":{"rendered":"<p> <script async src=\"https:\/\/pagead2.googlesyndication.com\/pagead\/js\/adsbygoogle.js?client=ca-pub-8864793242727901\"\r\n     crossorigin=\"anonymous\"><\/script><br \/>\n<br \/>O m\u00e9dico coloproctologista Daniel Brosco fez um alerta sobre os riscos associados ao uso de brinquedos sexuais, ap\u00f3s atender um paciente na emerg\u00eancia com um brinquedo preso ao reto.<br \/>\n<br \/><br \/>\n<br \/><a href=\"https:\/\/diariodobrasilnoticias.com.br\/noticia\/paciente-e-operado-com-brinquedo-preso-no-reto-amarrem-uma-cordinha-veja-video-67bcf309de623\">Source link <\/a><\/p>","protected":false},"excerpt":{"rendered":"<p>O m\u00e9dico coloproctologista Daniel Brosco fez um alerta sobre os riscos associados ao uso de brinquedos sexuais, ap\u00f3s atender um paciente na emerg\u00eancia com um brinquedo preso ao reto. Source&hellip;<\/p>","protected":false},"author":1,"featured_media":106334,"comment_status":"closed","ping_status":"open","sticky":false,"template":"","format":"standard","meta":{"content-type":"","footnotes":""},"categories":[16],"tags":[123,2448,5313,1267],"class_list":["post-106333","post","type-post","status-publish","format-standard","has-post-thumbnail","hentry","category-noticias","tag-brasil","tag-diario","tag-noticia","tag-noticias"],"_links":{"self":[{"href":"https:\/\/tvbrazilusa.com\/pt\/wp-json\/wp\/v2\/posts\/106333","targetHints":{"allow":["GET"]}}],"collection":[{"href":"https:\/\/tvbrazilusa.com\/pt\/wp-json\/wp\/v2\/posts"}],"about":[{"href":"https:\/\/tvbrazilusa.com\/pt\/wp-json\/wp\/v2\/types\/post"}],"author":[{"embeddable":true,"href":"https:\/\/tvbrazilusa.com\/pt\/wp-json\/wp\/v2\/users\/1"}],"replies":[{"embeddable":true,"href":"https:\/\/tvbrazilusa.com\/pt\/wp-json\/wp\/v2\/comments?post=106333"}],"version-history":[{"count":1,"href":"https:\/\/tvbrazilusa.com\/pt\/wp-json\/wp\/v2\/posts\/106333\/revisions"}],"predecessor-version":[{"id":106335,"href":"https:\/\/tvbrazilusa.com\/pt\/wp-json\/wp\/v2\/posts\/106333\/revisions\/106335"}],"wp:featuredmedia":[{"embeddable":true,"href":"https:\/\/tvbrazilusa.com\/pt\/wp-json\/wp\/v2\/media\/106334"}],"wp:attachment":[{"href":"https:\/\/tvbrazilusa.com\/pt\/wp-json\/wp\/v2\/media?parent=106333"}],"wp:term":[{"taxonomy":"category","embeddable":true,"href":"https:\/\/tvbrazilusa.com\/pt\/wp-json\/wp\/v2\/categories?post=106333"},{"taxonomy":"post_tag","embeddable":true,"href":"https:\/\/tvbrazilusa.com\/pt\/wp-json\/wp\/v2\/tags?post=106333"}],"curies":[{"name":"wp","href":"https:\/\/api.w.org\/{rel}","templated":true}]}}