{"id":106342,"date":"2025-02-25T00:39:04","date_gmt":"2025-02-25T00:39:04","guid":{"rendered":"https:\/\/tvbrazilusa.com\/2025\/02\/25\/homem-se-distrai-na-limpeza-e-quase-e-atropelado-veja-video\/"},"modified":"2025-02-25T00:39:05","modified_gmt":"2025-02-25T00:39:05","slug":"homem-se-distrai-na-limpeza-e-quase-e-atropelado-veja-video","status":"publish","type":"post","link":"https:\/\/tvbrazilusa.com\/pt\/2025\/02\/25\/homem-se-distrai-na-limpeza-e-quase-e-atropelado-veja-video\/","title":{"rendered":"Homem se distrai na limpeza e quase \u00e9 atropelado; VEJA V\u00cdDEO"},"content":{"rendered":"<p> <script async src=\"https:\/\/pagead2.googlesyndication.com\/pagead\/js\/adsbygoogle.js?client=ca-pub-8864793242727901\"\r\n     crossorigin=\"anonymous\"><\/script><br \/>\n<\/p>\n<div id=\"taboola-read-more\" style=\"display:block; width:100%\">\n<p>Um momento inusitado foi capturado por uma c\u00e2mera de monitoramento e viralizou nas redes sociais. No v\u00eddeo, um homem aparece concentrado lavando o carro na rua, bem pr\u00f3ximo \u00e0 cal\u00e7ada e \u00e0 entrada de casa. T\u00e3o focado no servi\u00e7o, ele foi se afastando sem perceber\u2026 at\u00e9 que um carro passou rente a ele e a roda traseira acabou atingindo seu p\u00e9.\n<\/p>\n<p>Nos coment\u00e1rios, a web n\u00e3o perdoou: \u201cEle tava t\u00e3o focado kkkkkk\u201d, brincou um perfil. Outro aproveitou para compartilhar uma experi\u00eancia parecida: \u201cN\u00e3o julgo, j\u00e1 fui atrop3lada por olhar no sentido errado para atravessar a rua Kkkkk.\u201d<\/p>\n<p><strong>ASSISTA:<\/strong>\n<\/p>\n<p>Fonte: @metropoles \/ Instagram              <\/p>\n<\/div>\n<p><br \/>\n<br \/><a href=\"https:\/\/diariodobrasilnoticias.com.br\/noticia\/homem-se-distrai-na-limpeza-e-quase-e-atropelado-veja-video-67bcf43bd95a2\">Source link <\/a><\/p>","protected":false},"excerpt":{"rendered":"<p>Um momento inusitado foi capturado por uma c\u00e2mera de monitoramento e viralizou nas redes sociais. No v\u00eddeo, um homem aparece concentrado lavando o carro na rua, bem pr\u00f3ximo \u00e0 cal\u00e7ada&hellip;<\/p>","protected":false},"author":1,"featured_media":106343,"comment_status":"closed","ping_status":"open","sticky":false,"template":"","format":"standard","meta":{"content-type":"","footnotes":""},"categories":[16],"tags":[123,2448,5313,1267],"class_list":["post-106342","post","type-post","status-publish","format-standard","has-post-thumbnail","hentry","category-noticias","tag-brasil","tag-diario","tag-noticia","tag-noticias"],"_links":{"self":[{"href":"https:\/\/tvbrazilusa.com\/pt\/wp-json\/wp\/v2\/posts\/106342","targetHints":{"allow":["GET"]}}],"collection":[{"href":"https:\/\/tvbrazilusa.com\/pt\/wp-json\/wp\/v2\/posts"}],"about":[{"href":"https:\/\/tvbrazilusa.com\/pt\/wp-json\/wp\/v2\/types\/post"}],"author":[{"embeddable":true,"href":"https:\/\/tvbrazilusa.com\/pt\/wp-json\/wp\/v2\/users\/1"}],"replies":[{"embeddable":true,"href":"https:\/\/tvbrazilusa.com\/pt\/wp-json\/wp\/v2\/comments?post=106342"}],"version-history":[{"count":1,"href":"https:\/\/tvbrazilusa.com\/pt\/wp-json\/wp\/v2\/posts\/106342\/revisions"}],"predecessor-version":[{"id":106344,"href":"https:\/\/tvbrazilusa.com\/pt\/wp-json\/wp\/v2\/posts\/106342\/revisions\/106344"}],"wp:featuredmedia":[{"embeddable":true,"href":"https:\/\/tvbrazilusa.com\/pt\/wp-json\/wp\/v2\/media\/106343"}],"wp:attachment":[{"href":"https:\/\/tvbrazilusa.com\/pt\/wp-json\/wp\/v2\/media?parent=106342"}],"wp:term":[{"taxonomy":"category","embeddable":true,"href":"https:\/\/tvbrazilusa.com\/pt\/wp-json\/wp\/v2\/categories?post=106342"},{"taxonomy":"post_tag","embeddable":true,"href":"https:\/\/tvbrazilusa.com\/pt\/wp-json\/wp\/v2\/tags?post=106342"}],"curies":[{"name":"wp","href":"https:\/\/api.w.org\/{rel}","templated":true}]}}