{"id":106348,"date":"2025-02-25T00:53:31","date_gmt":"2025-02-25T00:53:31","guid":{"rendered":"https:\/\/tvbrazilusa.com\/2025\/02\/25\/governo-trump-demitira-quase-dois-mil-funcionarios-da-usaid\/"},"modified":"2025-02-25T00:53:33","modified_gmt":"2025-02-25T00:53:33","slug":"governo-trump-demitira-quase-dois-mil-funcionarios-da-usaid","status":"publish","type":"post","link":"https:\/\/tvbrazilusa.com\/pt\/2025\/02\/25\/governo-trump-demitira-quase-dois-mil-funcionarios-da-usaid\/","title":{"rendered":"Governo Trump demitir\u00e1 quase dois mil funcion\u00e1rios da Usaid"},"content":{"rendered":"<p> <script async src=\"https:\/\/pagead2.googlesyndication.com\/pagead\/js\/adsbygoogle.js?client=ca-pub-8864793242727901\"\r\n     crossorigin=\"anonymous\"><\/script><br \/>\n<\/p>\n<div id=\"taboola-read-more\" style=\"display:block; width:100%\">\n<p>A administra\u00e7\u00e3o de Donald Trump anunciou neste domingo (23) que est\u00e1 eliminando cerca de dois mil cargos na Ag\u00eancia dos Estados Unidos para o Desenvolvimento Internacional (Usaid). Com isso, a maioria dos funcion\u00e1rios restantes na entidade &#8211; com exce\u00e7\u00e3o de l\u00edderes e pessoas em fun\u00e7\u00f5es essenciais &#8211; foi colocada em licen\u00e7a administrativa globalmente.\n<\/p>\n<p>A informa\u00e7\u00e3o foi transmitida aos servidores da Usaid por um e-mail, segundo a Reuters. &#8220;Lamento informar que voc\u00ea foi afetado por uma a\u00e7\u00e3o de Redu\u00e7\u00e3o de For\u00e7a&#8221;, diz um trecho do informe. Aqueles que receberam a nota ser\u00e3o dispensados \u200b\u200bdo servi\u00e7o federal a partir de 24 de abril, acrescentou o e-mail.<\/p>\n<p>O governo Trump pretende deixar menos de 300 funcion\u00e1rios no cargo, al\u00e9m de alguns milhares de funcion\u00e1rios contratados localmente no exterior que atuam em &#8220;fun\u00e7\u00f5es cr\u00edticas de miss\u00e3o, lideran\u00e7a central e\/ou programas especialmente designados&#8221;, segundo explicou o e-mail.\n<\/p>\n<p>A a\u00e7\u00e3o de reduzir o tamanho da Usaid come\u00e7ou com Elon Musk, que chefia o Departamento de Efici\u00eancia Governamental (DOGE). O empres\u00e1rio acusou a ag\u00eancia de ajuda externa dos EUA de manter &#8220;gastos desnecess\u00e1rios&#8221;. Um dos casos divulgados recentemente aponta que fundos da Usaid foram destinados a grupos que apoiam o terrorismo no Oriente M\u00e9dio.\n<\/p>\n<p>Com esse e outros gastos question\u00e1veis, Trump agiu para reduzir a for\u00e7a da ag\u00eancia primeiramente com a imposi\u00e7\u00e3o de uma pausa de 90 dias no envio de recursos ao exterior. Depois, o presidente nomeou o Secret\u00e1rio de Estado, Marco Rubio, como diretor interino da Usaid para essa reestrutura\u00e7\u00e3o.\n<\/p>\n<p>Na sexta-feira, Trump recebeu respaldo da justi\u00e7a, por meio de um magistrado federal de Washington, D.C., para seguir com as demiss\u00f5es.\n<\/p>\n<p>Fonte: Gazeta do Povo              <\/p>\n<\/div>\n<p><br \/>\n<br \/><a href=\"https:\/\/diariodobrasilnoticias.com.br\/noticia\/governo-trump-demitira-quase-dois-mil-funcionarios-da-usaid-67bcfa7993c4f\">Source link <\/a><\/p>","protected":false},"excerpt":{"rendered":"<p>A administra\u00e7\u00e3o de Donald Trump anunciou neste domingo (23) que est\u00e1 eliminando cerca de dois mil cargos na Ag\u00eancia dos Estados Unidos para o Desenvolvimento Internacional (Usaid). Com isso, a&hellip;<\/p>","protected":false},"author":1,"featured_media":106349,"comment_status":"closed","ping_status":"open","sticky":false,"template":"","format":"standard","meta":{"content-type":"","footnotes":""},"categories":[16],"tags":[123,2448,5313,1267],"class_list":["post-106348","post","type-post","status-publish","format-standard","has-post-thumbnail","hentry","category-noticias","tag-brasil","tag-diario","tag-noticia","tag-noticias"],"_links":{"self":[{"href":"https:\/\/tvbrazilusa.com\/pt\/wp-json\/wp\/v2\/posts\/106348","targetHints":{"allow":["GET"]}}],"collection":[{"href":"https:\/\/tvbrazilusa.com\/pt\/wp-json\/wp\/v2\/posts"}],"about":[{"href":"https:\/\/tvbrazilusa.com\/pt\/wp-json\/wp\/v2\/types\/post"}],"author":[{"embeddable":true,"href":"https:\/\/tvbrazilusa.com\/pt\/wp-json\/wp\/v2\/users\/1"}],"replies":[{"embeddable":true,"href":"https:\/\/tvbrazilusa.com\/pt\/wp-json\/wp\/v2\/comments?post=106348"}],"version-history":[{"count":1,"href":"https:\/\/tvbrazilusa.com\/pt\/wp-json\/wp\/v2\/posts\/106348\/revisions"}],"predecessor-version":[{"id":106350,"href":"https:\/\/tvbrazilusa.com\/pt\/wp-json\/wp\/v2\/posts\/106348\/revisions\/106350"}],"wp:featuredmedia":[{"embeddable":true,"href":"https:\/\/tvbrazilusa.com\/pt\/wp-json\/wp\/v2\/media\/106349"}],"wp:attachment":[{"href":"https:\/\/tvbrazilusa.com\/pt\/wp-json\/wp\/v2\/media?parent=106348"}],"wp:term":[{"taxonomy":"category","embeddable":true,"href":"https:\/\/tvbrazilusa.com\/pt\/wp-json\/wp\/v2\/categories?post=106348"},{"taxonomy":"post_tag","embeddable":true,"href":"https:\/\/tvbrazilusa.com\/pt\/wp-json\/wp\/v2\/tags?post=106348"}],"curies":[{"name":"wp","href":"https:\/\/api.w.org\/{rel}","templated":true}]}}