{"id":106372,"date":"2025-02-25T02:18:15","date_gmt":"2025-02-25T02:18:15","guid":{"rendered":"https:\/\/tvbrazilusa.com\/2025\/02\/25\/lewandowski-abre-certificado-de-vacinacao-contra-covid\/"},"modified":"2025-02-25T02:18:17","modified_gmt":"2025-02-25T02:18:17","slug":"lewandowski-abre-certificado-de-vacinacao-contra-covid","status":"publish","type":"post","link":"https:\/\/tvbrazilusa.com\/pt\/2025\/02\/25\/lewandowski-abre-certificado-de-vacinacao-contra-covid\/","title":{"rendered":"Lewandowski abre certificado de vacina\u00e7\u00e3o contra Covid"},"content":{"rendered":"<p> <script async src=\"https:\/\/pagead2.googlesyndication.com\/pagead\/js\/adsbygoogle.js?client=ca-pub-8864793242727901\"\r\n     crossorigin=\"anonymous\"><\/script><br \/>\n<\/p>\n<div id=\"taboola-read-more\" style=\"display:block; width:100%\">\n<p>O ministro da Justi\u00e7a e Seguran\u00e7a P\u00fablica, Ricardo Lewandowski, tomou seis doses da vacina contra a Covid-19, mostra certificado de vacina\u00e7\u00e3o enviado \u00e0 coluna pelo pr\u00f3prio auxiliar de Lula.\n<\/p>\n<p>De acordo com o documento, Lewandowski tomou duas doses da marca chinesa Sinovac\/Butantan em 2021 e outras quatro doses de refor\u00e7o da americana Pfizer entre 2021 e 2024.<\/p>\n<p>O ministro enviou o certificado nesta segunda-feira (24\/2), horas ap\u00f3s o Metr\u00f3poles, na coluna T\u00e1cio Lorran, noticiar que ele negou acesso a seus dados sobre vacina\u00e7\u00e3o em geral.\n<\/p>\n<p><strong>Lewandowski repete Bolsonaro<\/strong><br \/>Conforme revelado pela reportagem, Lewandowski repetiu o ex-presidente Jair Bolsonaro (PL) e imp\u00f4s 100 anos de sigilo sobre seus dados de vacinas, incluindo outros imunizantes al\u00e9m da Covid.\n<\/p>\n<p>A coluna T\u00e1cio Lorran solicitou o cart\u00e3o de vacinas de Lewandowski via Lei de Acesso \u00e0 Informa\u00e7\u00e3o (LAI). O minist\u00e9rio, contudo, negou o pedido alegando que o documento se tratava de dados pessoais.\n<\/p>\n<p><strong>\u201cEntende-se que a solicita\u00e7\u00e3o em quest\u00e3o n\u00e3o pode ser atendida, uma vez que os dados solicitados referem-se \u00e0 sa\u00fade e est\u00e3o vinculados a uma pessoa natural, configurando-se como dados pessoais sens\u00edveis, nos termos do art. 5\u00ba, inciso II, da Lei n\u00ba 13.709\/2018 (Lei Geral de Prote\u00e7\u00e3o de Dados Pessoais \u2013 LGPD)\u201d, escreveu o ouvidor-geral do MJSP, Sergio Gomes Velloso, em decis\u00e3o referendada pelo pr\u00f3prio Lewandowski no \u00faltimo dia 10 de fevereiro.<\/strong>\n<\/p>\n<p>Embora a coluna tenha tido acesso ao certificado de vacina contra a Covid, os demais dados de vacina\u00e7\u00e3o de Lewandowski, incluindo a da dengue e outras, seguem em sigilo.\n<\/p>\n<p>Fonte: Metr\u00f3poles              <\/p>\n<\/div>\n<p><br \/>\n<br \/><a href=\"https:\/\/diariodobrasilnoticias.com.br\/noticia\/lewandowski-abre-certificado-de-vacinacao-contra-covid-67bccdbb644f9\">Source link <\/a><\/p>","protected":false},"excerpt":{"rendered":"<p>O ministro da Justi\u00e7a e Seguran\u00e7a P\u00fablica, Ricardo Lewandowski, tomou seis doses da vacina contra a Covid-19, mostra certificado de vacina\u00e7\u00e3o enviado \u00e0 coluna pelo pr\u00f3prio auxiliar de Lula. De&hellip;<\/p>","protected":false},"author":1,"featured_media":106373,"comment_status":"closed","ping_status":"open","sticky":false,"template":"","format":"standard","meta":{"content-type":"","footnotes":""},"categories":[16],"tags":[123,2448,5313,1267],"class_list":["post-106372","post","type-post","status-publish","format-standard","has-post-thumbnail","hentry","category-noticias","tag-brasil","tag-diario","tag-noticia","tag-noticias"],"_links":{"self":[{"href":"https:\/\/tvbrazilusa.com\/pt\/wp-json\/wp\/v2\/posts\/106372","targetHints":{"allow":["GET"]}}],"collection":[{"href":"https:\/\/tvbrazilusa.com\/pt\/wp-json\/wp\/v2\/posts"}],"about":[{"href":"https:\/\/tvbrazilusa.com\/pt\/wp-json\/wp\/v2\/types\/post"}],"author":[{"embeddable":true,"href":"https:\/\/tvbrazilusa.com\/pt\/wp-json\/wp\/v2\/users\/1"}],"replies":[{"embeddable":true,"href":"https:\/\/tvbrazilusa.com\/pt\/wp-json\/wp\/v2\/comments?post=106372"}],"version-history":[{"count":1,"href":"https:\/\/tvbrazilusa.com\/pt\/wp-json\/wp\/v2\/posts\/106372\/revisions"}],"predecessor-version":[{"id":106374,"href":"https:\/\/tvbrazilusa.com\/pt\/wp-json\/wp\/v2\/posts\/106372\/revisions\/106374"}],"wp:featuredmedia":[{"embeddable":true,"href":"https:\/\/tvbrazilusa.com\/pt\/wp-json\/wp\/v2\/media\/106373"}],"wp:attachment":[{"href":"https:\/\/tvbrazilusa.com\/pt\/wp-json\/wp\/v2\/media?parent=106372"}],"wp:term":[{"taxonomy":"category","embeddable":true,"href":"https:\/\/tvbrazilusa.com\/pt\/wp-json\/wp\/v2\/categories?post=106372"},{"taxonomy":"post_tag","embeddable":true,"href":"https:\/\/tvbrazilusa.com\/pt\/wp-json\/wp\/v2\/tags?post=106372"}],"curies":[{"name":"wp","href":"https:\/\/api.w.org\/{rel}","templated":true}]}}