{"id":10638,"date":"2024-07-28T15:04:44","date_gmt":"2024-07-28T15:04:44","guid":{"rendered":"https:\/\/tvbrazilusa.com\/2024\/07\/28\/afastado-das-redes-sociais-por-conta-da-demencia-bruce-willis-aparece-em-foto-rara-feita-pelo-filho\/"},"modified":"2024-07-28T15:09:19","modified_gmt":"2024-07-28T15:09:19","slug":"afastado-das-redes-sociais-por-conta-da-demencia-bruce-willis-aparece-em-foto-rara-feita-pelo-filho","status":"publish","type":"post","link":"https:\/\/tvbrazilusa.com\/pt\/2024\/07\/28\/afastado-das-redes-sociais-por-conta-da-demencia-bruce-willis-aparece-em-foto-rara-feita-pelo-filho\/","title":{"rendered":"Afastado das redes sociais por conta da dem\u00eancia, Bruce Willis aparece em foto rara feita pelo filho"},"content":{"rendered":"<p> <script async src=\"https:\/\/pagead2.googlesyndication.com\/pagead\/js\/adsbygoogle.js?client=ca-pub-8864793242727901\"\r\n     crossorigin=\"anonymous\"><\/script><br \/>\n<\/p>\n<div>\n<p>Foto: Reprodu\u00e7\u00e3o.<\/p>\n<p>O renomado ator Bruce Willis, conhecido por sua impressionante trajet\u00f3ria no cinema, apareceu recentemente em uma foto rara compartilhada por sua filha, Tallulah Willis. Aos 69 anos, o astro est\u00e1 lutando contra a dem\u00eancia frontotemporal, uma doen\u00e7a degenerativa que o afastou das telas. Tallulah compartilhou a imagem em um momento de fam\u00edlia, expressando emo\u00e7\u00e3o e carinho pela presen\u00e7a de seu pai.<\/p>\n<p>A foto, que mostra Bruce ao lado de seu filho, foi descrita por Tallulah como \u201ca luz do sol em um dia chuvoso\u201d. Este momento especial trouxe alegria n\u00e3o somente para a fam\u00edlia, mas tamb\u00e9m para os f\u00e3s do ator que se manifestaram com mensagens positivas nas redes sociais. A publica\u00e7\u00e3o evocou sentimentos de esperan\u00e7a e apoio, demonstrando o quanto Bruce ainda \u00e9 querido pelo p\u00fablico.<\/p>\n<figure class=\"wp-block-image size-large\"><\/figure>\n<h2 class=\"wp-block-heading\">O que \u00e9 Dem\u00eancia Frontotemporal<\/h2>\n<p>A dem\u00eancia frontotemporal (DFT) \u00e9 uma das principais causas de dem\u00eancia degenerativa com in\u00edcio precoce, geralmente antes dos 65 anos. Esta condi\u00e7\u00e3o resulta do ac\u00famulo de \u201cprote\u00ednas anormais no c\u00e9rebro\u201d, segundo especialistas. Existem duas formas principais de apresenta\u00e7\u00e3o cl\u00ednica da DFT: a variante comportamental e a de linguagem.<\/p>\n<p>Na variante comportamental, os pacientes exibem mudan\u00e7as significativas na personalidade e comportamento. Essas altera\u00e7\u00f5es podem incluir desde apatia ou desinibi\u00e7\u00e3o at\u00e9 compuls\u00f5es alimentares, especialmente por doces. \u00c9 importante notar que, nas fases iniciais, a mem\u00f3ria dos pacientes permanece relativamente preservada, diferenciando-se assim de outras condi\u00e7\u00f5es como a doen\u00e7a de Alzheimer.<\/p>\n<h2 class=\"wp-block-heading\">Como a Dem\u00eancia Frontotemporal afeta Bruce Willis?<\/h2>\n<p>O diagn\u00f3stico de Bruce Willis trouxe \u00e0 tona desafios significativos, tanto para ele quanto para sua fam\u00edlia. Inicialmente, ele foi diagnosticado com afasia em 2022, o que j\u00e1 indicava dificuldades de comunica\u00e7\u00e3o. Em 2023, esse quadro evoluiu para dem\u00eancia frontotemporal, agravando ainda mais a condi\u00e7\u00e3o do ator.<\/p>\n<p>Emma Hemming, atual esposa de Bruce, frequentemente compartilha atualiza\u00e7\u00f5es sobre o estado de sa\u00fade do ator nas redes sociais. Em suas postagens, ela demonstra apre\u00e7o e preocupa\u00e7\u00e3o ao mesmo tempo que perpetua o legado de Bruce de uma maneira que ele gostaria. Recentemente, ela destacou a import\u00e2ncia de se manter hidratado, sugerindo que essa seria uma mensagem que Bruce teria interesse em passar para seus f\u00e3s.<\/p>\n<h2 class=\"wp-block-heading\">Tratamento<\/h2>\n<p>A DFT n\u00e3o possui cura e os tratamentos dispon\u00edveis focam principalmente em aliviar os sintomas e melhorar a qualidade de vida dos pacientes. A interven\u00e7\u00e3o precoce \u00e9 crucial para retardar o progresso da doen\u00e7a e proporcionar suporte aos familiares afetados.<\/p>\n<ul class=\"wp-block-list\">\n<li>Medicamentos: Usados para controlar sintomas espec\u00edficos, como comportamentos compulsivos ou depress\u00e3o.<\/li>\n<li>Terapias: A terapia ocupacional pode ajudar a manter as habilidades di\u00e1rias por mais tempo.<\/li>\n<li>Suporte Familiar: Grupos de apoio e aconselhamento s\u00e3o essenciais para ajudar as fam\u00edlias a lidar com a doen\u00e7a.<\/li>\n<\/ul>\n<h2 class=\"wp-block-heading\">Cotidiano com a Dem\u00eancia Frontotemporal<\/h2>\n<p>Viver com um ente querido diagnosticado com DFT exige adapta\u00e7\u00f5es cont\u00ednuas e apoio constante. Aqui est\u00e3o algumas sugest\u00f5es para ajudar no cuidado di\u00e1rio:<\/p>\n<ol class=\"wp-block-list\">\n<li>Crie uma rotina estruturada para reduzir a ansiedade e a confus\u00e3o.<\/li>\n<li>Comunica\u00e7\u00e3o clara e simples: Use frases curtas e diretas.<\/li>\n<li>Estimula\u00e7\u00e3o Cognitiva: Atividades que envolvem o c\u00e9rebro podem ajudar a retardar os sintomas.<\/li>\n<li>Autocuidado dos familiares: \u00c9 essencial que os cuidadores tamb\u00e9m cuidem de sua pr\u00f3pria sa\u00fade mental e bem-estar.<\/li>\n<\/ol>\n<p>\u00a0A dem\u00eancia frontotemporal de Bruce Willis trouxe \u00e0 tona a import\u00e2ncia de discutirmos mais abertamente sobre doen\u00e7as degenerativas e seus impactos. O apoio cont\u00ednuo dos familiares e f\u00e3s \u00e9 crucial nessa jornada dif\u00edcil, mostrando que mesmo frente \u00e0s adversidades, o carinho e a solidariedade fazem toda a diferen\u00e7a.<\/p>\n<h2 class=\"wp-block-heading\">Palavras dos especialistas<\/h2>\n<p>Paulo Caramelli, especialista em cogni\u00e7\u00e3o e professor da UFMG, explica que, al\u00e9m das duas variantes principais da DFT, cada paciente pode apresentar sintomas de maneiras \u00fanicas. Isso torna o acompanhamento m\u00e9dico e a personaliza\u00e7\u00e3o dos tratamentos imprescind\u00edveis. Segundo Caramelli, enquanto a mem\u00f3ria pode permanecer intacta nos est\u00e1gios iniciais, \u00e9 essencial monitorar qualquer mudan\u00e7a para ajustar o cuidado.<\/p>\n<p>Esse enfoque detalhado no entendimento e no tratamento da DFT n\u00e3o s\u00f3 ajuda na gest\u00e3o eficaz da doen\u00e7a, mas tamb\u00e9m prepara as fam\u00edlias para enfrentarem as fases mais avan\u00e7adas com maior resili\u00eancia e compreens\u00e3o.<\/p>\n<p>Bruce Willis, \u00edcone de Hollywood, agora vive um desafio pessoal com a dem\u00eancia frontotemporal. Seu exemplo e a transpar\u00eancia de sua fam\u00edlia ao lidarem com a condi\u00e7\u00e3o oferecem uma oportunidade valiosa de conscientiza\u00e7\u00e3o e apoio para outros que enfrentam doen\u00e7as degenerativas. A uni\u00e3o e o carinho demonstrados pela fam\u00edlia Willis simbolizam uma for\u00e7a inspiradora para todos n\u00f3s.<\/p>\n<\/p><\/div>\n<p><br \/>\n<br \/><a href=\"https:\/\/terrabrasilnoticias.com\/2024\/07\/afastado-das-redes-sociais-por-conta-da-demencia-bruce-willis-aparece-em-foto-rara-feita-pelo-filho\/\">Source link <\/a><\/p>","protected":false},"excerpt":{"rendered":"<p>Foto: Reprodu\u00e7\u00e3o. O renomado ator Bruce Willis, conhecido por sua impressionante trajet\u00f3ria no cinema, apareceu recentemente em uma foto rara compartilhada por sua filha, Tallulah Willis. Aos 69 anos, o&hellip;<\/p>","protected":false},"author":1,"featured_media":10639,"comment_status":"closed","ping_status":"open","sticky":false,"template":"","format":"standard","meta":{"content-type":"","footnotes":""},"categories":[16],"tags":[],"class_list":["post-10638","post","type-post","status-publish","format-standard","has-post-thumbnail","hentry","category-noticias"],"_links":{"self":[{"href":"https:\/\/tvbrazilusa.com\/pt\/wp-json\/wp\/v2\/posts\/10638","targetHints":{"allow":["GET"]}}],"collection":[{"href":"https:\/\/tvbrazilusa.com\/pt\/wp-json\/wp\/v2\/posts"}],"about":[{"href":"https:\/\/tvbrazilusa.com\/pt\/wp-json\/wp\/v2\/types\/post"}],"author":[{"embeddable":true,"href":"https:\/\/tvbrazilusa.com\/pt\/wp-json\/wp\/v2\/users\/1"}],"replies":[{"embeddable":true,"href":"https:\/\/tvbrazilusa.com\/pt\/wp-json\/wp\/v2\/comments?post=10638"}],"version-history":[{"count":1,"href":"https:\/\/tvbrazilusa.com\/pt\/wp-json\/wp\/v2\/posts\/10638\/revisions"}],"predecessor-version":[{"id":10640,"href":"https:\/\/tvbrazilusa.com\/pt\/wp-json\/wp\/v2\/posts\/10638\/revisions\/10640"}],"wp:featuredmedia":[{"embeddable":true,"href":"https:\/\/tvbrazilusa.com\/pt\/wp-json\/wp\/v2\/media\/10639"}],"wp:attachment":[{"href":"https:\/\/tvbrazilusa.com\/pt\/wp-json\/wp\/v2\/media?parent=10638"}],"wp:term":[{"taxonomy":"category","embeddable":true,"href":"https:\/\/tvbrazilusa.com\/pt\/wp-json\/wp\/v2\/categories?post=10638"},{"taxonomy":"post_tag","embeddable":true,"href":"https:\/\/tvbrazilusa.com\/pt\/wp-json\/wp\/v2\/tags?post=10638"}],"curies":[{"name":"wp","href":"https:\/\/api.w.org\/{rel}","templated":true}]}}