{"id":106403,"date":"2025-02-25T09:00:00","date_gmt":"2025-02-25T09:00:00","guid":{"rendered":"https:\/\/tvbrazilusa.com\/2025\/02\/25\/caro-abby-filho-se-preocupa-com-o-fato-de-dizer-a-mae-que-as-noticias-dificeis-quebrarao-seu-coracao-mais-uma-vez\/"},"modified":"2025-02-25T09:39:44","modified_gmt":"2025-02-25T09:39:44","slug":"caro-abby-filho-se-preocupa-com-o-fato-de-dizer-a-mae-que-as-noticias-dificeis-quebrarao-seu-coracao-mais-uma-vez","status":"publish","type":"post","link":"https:\/\/tvbrazilusa.com\/pt\/2025\/02\/25\/caro-abby-filho-se-preocupa-com-o-fato-de-dizer-a-mae-que-as-noticias-dificeis-quebrarao-seu-coracao-mais-uma-vez\/","title":{"rendered":"Caro Abby: Filho se preocupa com o fato de dizer \u00e0 m\u00e3e que as not\u00edcias dif\u00edceis quebrar\u00e3o seu cora\u00e7\u00e3o &#8230; mais uma vez"},"content":{"rendered":"<script async src=\"https:\/\/pagead2.googlesyndication.com\/pagead\/js\/adsbygoogle.js?client=ca-pub-8864793242727901\"\r\n     crossorigin=\"anonymous\"><\/script>\n<div>\n<p class=\"article__paragraph article__paragraph--left\" id=\"P6TFVDK2DRBWHBRRFRUHSRWOPQ\">Caro Abby: Nos \u00faltimos anos, minha fam\u00edlia enfrentou muita perda, especialmente minha m\u00e3e. No per\u00edodo de tr\u00eas anos, ela perdeu os pais, meu pai e meu irm\u00e3o. Tivemos um pouco de alegria com meu filho nascendo. Ele trouxe muita felicidade quando todo mundo estava com o cora\u00e7\u00e3o partido. <\/p>\n<p class=\"article__paragraph article__paragraph--left\" id=\"AGMWPHNC7ZBE7KJYQFXU2MWQTQ\">Logo ap\u00f3s a morte de meu irm\u00e3o, descobrimos que est\u00e1vamos inesperadamente gr\u00e1vidos novamente. Achamos que isso traria mais alegria para a m\u00e3e, mas estamos recebendo m\u00e1s not\u00edcias dos m\u00e9dicos, e o beb\u00ea pode n\u00e3o chegar a termo ou sobreviver muito tempo depois do nascimento. N\u00e3o tenho certeza de como dar essa not\u00edcia para a m\u00e3e, e minha esposa est\u00e1 chegando onde n\u00e3o podemos mais esconder que ela est\u00e1 gr\u00e1vida.<\/p>\n<p class=\"article__paragraph article__paragraph--left\" id=\"OVLM5UKLVBBOLPHOTZYYAH3SHI\">Estamos recebendo uma segunda opini\u00e3o, mas, embora estejamos tendo esperan\u00e7a, n\u00e3o tenho certeza de que isso mudar\u00e1 a situa\u00e7\u00e3o. Sabemos que temos que contar \u00e0 m\u00e3e algo. Algum conselho sobre como contar a ela sem quebrar seu cora\u00e7\u00e3o? &#8211; retendo na Nova Inglaterra<\/p>\n<p class=\"article__paragraph article__paragraph--left\" id=\"2WS7LWS6WZGZRCYVXZBY72DYO4\">Caro reten\u00e7\u00e3o: minhas condol\u00eancias a sua m\u00e3e, que sofreu muita perda nos \u00faltimos anos. No entanto, ela \u00e9 adulta e merece ser um participante pleno de suas vidas e tratado como tal. Por ela (e sua), diga a ela o que est\u00e1 acontecendo e d\u00ea a ela a chance de apoiar voc\u00ea. Se voc\u00ea o fizer, \u00e9 claro que as not\u00edcias ficar\u00e3o tristes, mas ela n\u00e3o ser\u00e1 privada da chance de fazer por voc\u00ea o que voc\u00ea tem feito por ela.<\/p>\n<p class=\"article__paragraph article__paragraph--center\" id=\"SBJYRVMBJRHZ7FKY6EOHPHQJTQ\">  ***<\/p>\n<p class=\"article__paragraph article__paragraph--left\" id=\"EJ4ISKM2ENEOPGYZHMPFWS6JRM\"><i>Dear Abby \u00e9 escrito por Abigail Van Buren, tamb\u00e9m conhecido como Jeanne Phillips, e foi fundado por sua m\u00e3e, Pauline Phillips. Entre em contato com a querida Abby em <\/i><a href=\"http:\/\/www.dearabby.com\/\"><i>www.dearabby.com<\/i><\/a><i>  ou PO Box 69440, Los Angeles, CA 90069.<\/i><\/p>\n<section class=\"Stories-By-Section-Tag-module_wrapper__69Ed7 Stories-By-Section-Tag-module_nj__RFbQx\"\/><\/div>\n<p><br \/>\n<br \/><a href=\"https:\/\/www.nj.com\/advice\/2025\/02\/dear-abby-son-worries-that-telling-his-mother-difficult-news-will-break-her-heart-yet-again.html\">Source link <\/a><\/p>","protected":false},"excerpt":{"rendered":"<p>Caro Abby: Nos \u00faltimos anos, minha fam\u00edlia enfrentou muita perda, especialmente minha m\u00e3e. No per\u00edodo de tr\u00eas anos, ela perdeu os pais, meu pai e meu irm\u00e3o. Tivemos um pouco&hellip;<\/p>","protected":false},"author":1,"featured_media":4895,"comment_status":"closed","ping_status":"open","sticky":false,"template":"","format":"standard","meta":{"content-type":"","footnotes":""},"categories":[1],"tags":[],"class_list":["post-106403","post","type-post","status-publish","format-standard","has-post-thumbnail","hentry","category-uncategorized"],"_links":{"self":[{"href":"https:\/\/tvbrazilusa.com\/pt\/wp-json\/wp\/v2\/posts\/106403","targetHints":{"allow":["GET"]}}],"collection":[{"href":"https:\/\/tvbrazilusa.com\/pt\/wp-json\/wp\/v2\/posts"}],"about":[{"href":"https:\/\/tvbrazilusa.com\/pt\/wp-json\/wp\/v2\/types\/post"}],"author":[{"embeddable":true,"href":"https:\/\/tvbrazilusa.com\/pt\/wp-json\/wp\/v2\/users\/1"}],"replies":[{"embeddable":true,"href":"https:\/\/tvbrazilusa.com\/pt\/wp-json\/wp\/v2\/comments?post=106403"}],"version-history":[{"count":1,"href":"https:\/\/tvbrazilusa.com\/pt\/wp-json\/wp\/v2\/posts\/106403\/revisions"}],"predecessor-version":[{"id":106404,"href":"https:\/\/tvbrazilusa.com\/pt\/wp-json\/wp\/v2\/posts\/106403\/revisions\/106404"}],"wp:featuredmedia":[{"embeddable":true,"href":"https:\/\/tvbrazilusa.com\/pt\/wp-json\/wp\/v2\/media\/4895"}],"wp:attachment":[{"href":"https:\/\/tvbrazilusa.com\/pt\/wp-json\/wp\/v2\/media?parent=106403"}],"wp:term":[{"taxonomy":"category","embeddable":true,"href":"https:\/\/tvbrazilusa.com\/pt\/wp-json\/wp\/v2\/categories?post=106403"},{"taxonomy":"post_tag","embeddable":true,"href":"https:\/\/tvbrazilusa.com\/pt\/wp-json\/wp\/v2\/tags?post=106403"}],"curies":[{"name":"wp","href":"https:\/\/api.w.org\/{rel}","templated":true}]}}