{"id":106432,"date":"2025-02-25T12:07:16","date_gmt":"2025-02-25T12:07:16","guid":{"rendered":"https:\/\/tvbrazilusa.com\/2025\/02\/25\/advogado-da-rumble-e-da-trump-media-reprova-decisao-de-moraes-censura\/"},"modified":"2025-02-25T12:07:17","modified_gmt":"2025-02-25T12:07:17","slug":"advogado-da-rumble-e-da-trump-media-reprova-decisao-de-moraes-censura","status":"publish","type":"post","link":"https:\/\/tvbrazilusa.com\/pt\/2025\/02\/25\/advogado-da-rumble-e-da-trump-media-reprova-decisao-de-moraes-censura\/","title":{"rendered":"Advogado da Rumble e da Trump Media reprova decis\u00e3o de Moraes: &#8216;Censura&#8217;"},"content":{"rendered":"<p> <script async src=\"https:\/\/pagead2.googlesyndication.com\/pagead\/js\/adsbygoogle.js?client=ca-pub-8864793242727901\"\r\n     crossorigin=\"anonymous\"><\/script><br \/>\n<\/p>\n<div id=\"taboola-read-more\" style=\"display:block; width:100%\">\n<p>O advogado Martin De Luca, que representa a plataforma de v\u00eddeos Rumble e a Trump Media Group, criticou a decis\u00e3o do ministro Alexandre de Moraes, do Supremo Tribunal Federal (STF). Em entrevista \u00e0 CNN Brasil, nesta segunda-feira, 24, ele a classificou como \u201ccensura\u201d.\n<\/p>\n<p>\u201c\u00c9 particularmente agravante quando sabemos que a ordem judicial \u00e9 para censurar contas dentro dos Estados Unidos, de um residente americano, um residente pol\u00edtico brasileiro, que mant\u00e9m contas banc\u00e1rias dentro dos Estados Unidos\u201d, disse De Luca. \u201cE a ordem tamb\u00e9m pede para parar o fluxo de fundo e monetiza\u00e7\u00e3o das contas para esse residente pol\u00edtico.\u201d<\/p>\n<p>O advogado ainda afirmou que \u00e9 um agravante o fato de esse dissidente pol\u00edtico brasileiro e residente dos Estados Unidos j\u00e1 ser alvo de outra investiga\u00e7\u00e3o do ministro. De Luca lembrou que, nos EUA, \u201cn\u00e3o \u00e9 crime pensar diferente\u201d e n\u00e3o existe crime em expressar uma opini\u00e3o.\n<\/p>\n<p>Conforme o representante jur\u00eddico das plataformas, at\u00e9 o momento, a Rumble n\u00e3o tomou medidas em resposta \u00e0 decis\u00e3o de Moraes. Ele destacou que a empresa n\u00e3o tem opera\u00e7\u00f5es no Brasil, o que torna invi\u00e1vel indicar um representante local.\n<\/p>\n<p>\u201cN\u00e3o \u00e9 um mecanismo no qual, na era digital, as empresas podem operar\u201d, disse o advogado. \u201cVoc\u00ea n\u00e3o pode contratar um representante legal em 193 pa\u00edses do mundo simplesmente porque seu conte\u00fado se espalha pelo mundo.\u201d\n<\/p>\n<p><strong>Decis\u00e3o de Moraes e exig\u00eancias legais<\/strong>\n<\/p>\n<p>O ministro Alexandre de Moraes determinou que a Rumble indique um representante no Brasil em 48 horas, conforme o ordenamento jur\u00eddico brasileiro. A lei exige que empresas que administram servi\u00e7os de internet no Brasil tenham sede no territ\u00f3rio nacional e cumpram decis\u00f5es judiciais sobre a remo\u00e7\u00e3o de conte\u00fado il\u00edcito.\n<\/p>\n<p>O CEO da Rumble, Chris Pavlovski, desafiou a decis\u00e3o de Moraes em uma publica\u00e7\u00e3o no X, na \u00faltima quarta-feira, 19. Ele afirmou que n\u00e3o cumpriria as ordens legais brasileiras e, no dia seguinte, reiterou sua posi\u00e7\u00e3o. Ele citou ter recebido \u201cmais uma ordem ilegal e sigilosa\u201d de Moraes e destacou que o ministro n\u00e3o tem jurisdi\u00e7\u00e3o sobre a Rumble nos Estados Unidos. \u201cRepito \u2014 nos vemos no tribunal\u201d, escreveu Pavlovski.\n<\/p>\n<p>O ex-presidente Jair Bolsonaro respondeu \u00e0 publica\u00e7\u00e3o em apoio a Pavlovski. O l\u00edder brasileiro afirmou que \u201co mundo precisa ser livre\u201d.\n<\/p>\n<p>Fonte: Revista Oeste              <\/p>\n<\/div>\n<p><br \/>\n<br \/><a href=\"https:\/\/diariodobrasilnoticias.com.br\/noticia\/advogado-da-rumble-e-da-trump-media-reprova-decisao-de-moraes-censura-67bd9b9fe75a0\">Source link <\/a><\/p>","protected":false},"excerpt":{"rendered":"<p>O advogado Martin De Luca, que representa a plataforma de v\u00eddeos Rumble e a Trump Media Group, criticou a decis\u00e3o do ministro Alexandre de Moraes, do Supremo Tribunal Federal (STF).&hellip;<\/p>","protected":false},"author":1,"featured_media":106433,"comment_status":"closed","ping_status":"open","sticky":false,"template":"","format":"standard","meta":{"content-type":"","footnotes":""},"categories":[16],"tags":[123,2448,5313,1267],"class_list":["post-106432","post","type-post","status-publish","format-standard","has-post-thumbnail","hentry","category-noticias","tag-brasil","tag-diario","tag-noticia","tag-noticias"],"_links":{"self":[{"href":"https:\/\/tvbrazilusa.com\/pt\/wp-json\/wp\/v2\/posts\/106432","targetHints":{"allow":["GET"]}}],"collection":[{"href":"https:\/\/tvbrazilusa.com\/pt\/wp-json\/wp\/v2\/posts"}],"about":[{"href":"https:\/\/tvbrazilusa.com\/pt\/wp-json\/wp\/v2\/types\/post"}],"author":[{"embeddable":true,"href":"https:\/\/tvbrazilusa.com\/pt\/wp-json\/wp\/v2\/users\/1"}],"replies":[{"embeddable":true,"href":"https:\/\/tvbrazilusa.com\/pt\/wp-json\/wp\/v2\/comments?post=106432"}],"version-history":[{"count":1,"href":"https:\/\/tvbrazilusa.com\/pt\/wp-json\/wp\/v2\/posts\/106432\/revisions"}],"predecessor-version":[{"id":106434,"href":"https:\/\/tvbrazilusa.com\/pt\/wp-json\/wp\/v2\/posts\/106432\/revisions\/106434"}],"wp:featuredmedia":[{"embeddable":true,"href":"https:\/\/tvbrazilusa.com\/pt\/wp-json\/wp\/v2\/media\/106433"}],"wp:attachment":[{"href":"https:\/\/tvbrazilusa.com\/pt\/wp-json\/wp\/v2\/media?parent=106432"}],"wp:term":[{"taxonomy":"category","embeddable":true,"href":"https:\/\/tvbrazilusa.com\/pt\/wp-json\/wp\/v2\/categories?post=106432"},{"taxonomy":"post_tag","embeddable":true,"href":"https:\/\/tvbrazilusa.com\/pt\/wp-json\/wp\/v2\/tags?post=106432"}],"curies":[{"name":"wp","href":"https:\/\/api.w.org\/{rel}","templated":true}]}}