{"id":106437,"date":"2025-02-25T12:22:08","date_gmt":"2025-02-25T12:22:08","guid":{"rendered":"https:\/\/tvbrazilusa.com\/2025\/02\/25\/ex-ministro-silvio-almeida-presta-depoimento-a-pf-nesta-terca-feira-25\/"},"modified":"2025-02-25T12:22:09","modified_gmt":"2025-02-25T12:22:09","slug":"ex-ministro-silvio-almeida-presta-depoimento-a-pf-nesta-terca-feira-25","status":"publish","type":"post","link":"https:\/\/tvbrazilusa.com\/pt\/2025\/02\/25\/ex-ministro-silvio-almeida-presta-depoimento-a-pf-nesta-terca-feira-25\/","title":{"rendered":"Ex-ministro Silvio Almeida presta depoimento \u00e0 PF nesta ter\u00e7a-feira (25)"},"content":{"rendered":"<p> <script async src=\"https:\/\/pagead2.googlesyndication.com\/pagead\/js\/adsbygoogle.js?client=ca-pub-8864793242727901\"\r\n     crossorigin=\"anonymous\"><\/script><br \/>\n<\/p>\n<div id=\"taboola-read-more\" style=\"display:block; width:100%\">\n<p>O ex-ministro dos Direitos Humanos Silvio Almeida \u00e9 aguardado para prestar depoimento \u00e0 Pol\u00edcia Federal (PF) na tarde desta ter\u00e7a-feira (25) no inqu\u00e9rito que apura den\u00fancias de ass\u00e9dio sexual contra ele.\n<\/p>\n<p>O interrogat\u00f3rio est\u00e1 marcado para ocorrer na Superintend\u00eancia da PF em S\u00e3o Paulo. A oitiva ser\u00e1 por videoconfer\u00eancia e uma delegada de Bras\u00edlia vai colher as informa\u00e7\u00f5es.<\/p>\n<p>Esta ser\u00e1 a primeira vez que Almeida prestar\u00e1 depoimento \u00e0 PF neste caso. Para investigadores, este \u00e9 o \u00faltimo elemento para finalizar a investiga\u00e7\u00e3o.\n<\/p>\n<p>Algumas denunciantes j\u00e1 foram ouvidas, mas a PF n\u00e3o passa o n\u00famero exato para preservar o caso. Entre elas, est\u00e1 a ministra da Igualdade Racial, Anielle Franco, que na ocasi\u00e3o detalhou sua den\u00fancia de ass\u00e9dio contra Almeida.\n<\/p>\n<p>H\u00e1 duas semanas, o ministro Andr\u00e9 Mendon\u00e7a, do Supremo Tribunal Federal (STF), prorrogou, por mais 60 dias, o inqu\u00e9rito para que a PF finalize a apura\u00e7\u00e3o. O relat\u00f3rio deve ser enviado antes, segundo apurou a CNN.\n<\/p>\n<p>O caso tramita no STF porque os atos il\u00edcitos atribu\u00eddos ao ex-ministro foram supostamente cometidos enquanto ele ainda ocupava cargo no primeiro escal\u00e3o do governo, que \u201catrai\u201d a prerrogativa de foro especial.\n<\/p>\n<p>Almeida foi demitido pelo presidente Luiz In\u00e1cio Lula da Silva (PT) no dia 6 de setembro, um dia depois que as den\u00fancias foram reveladas pela ONG Me Too.\n<\/p>\n<p>O ex-ministro nega todas as acusa\u00e7\u00f5es e alega ser alvo de persegui\u00e7\u00e3o.\n<\/p>\n<p><strong>CNN<\/strong>              <\/p>\n<\/div>\n<p><br \/>\n<br \/><a href=\"https:\/\/diariodobrasilnoticias.com.br\/noticia\/ex-ministro-silvio-almeida-presta-depoimento-a-pf-nesta-terca-feira-25-67bd95852ffde\">Source link <\/a><\/p>","protected":false},"excerpt":{"rendered":"<p>O ex-ministro dos Direitos Humanos Silvio Almeida \u00e9 aguardado para prestar depoimento \u00e0 Pol\u00edcia Federal (PF) na tarde desta ter\u00e7a-feira (25) no inqu\u00e9rito que apura den\u00fancias de ass\u00e9dio sexual contra&hellip;<\/p>","protected":false},"author":1,"featured_media":106438,"comment_status":"closed","ping_status":"open","sticky":false,"template":"","format":"standard","meta":{"content-type":"","footnotes":""},"categories":[16],"tags":[123,2448,5313,1267],"class_list":["post-106437","post","type-post","status-publish","format-standard","has-post-thumbnail","hentry","category-noticias","tag-brasil","tag-diario","tag-noticia","tag-noticias"],"_links":{"self":[{"href":"https:\/\/tvbrazilusa.com\/pt\/wp-json\/wp\/v2\/posts\/106437","targetHints":{"allow":["GET"]}}],"collection":[{"href":"https:\/\/tvbrazilusa.com\/pt\/wp-json\/wp\/v2\/posts"}],"about":[{"href":"https:\/\/tvbrazilusa.com\/pt\/wp-json\/wp\/v2\/types\/post"}],"author":[{"embeddable":true,"href":"https:\/\/tvbrazilusa.com\/pt\/wp-json\/wp\/v2\/users\/1"}],"replies":[{"embeddable":true,"href":"https:\/\/tvbrazilusa.com\/pt\/wp-json\/wp\/v2\/comments?post=106437"}],"version-history":[{"count":1,"href":"https:\/\/tvbrazilusa.com\/pt\/wp-json\/wp\/v2\/posts\/106437\/revisions"}],"predecessor-version":[{"id":106439,"href":"https:\/\/tvbrazilusa.com\/pt\/wp-json\/wp\/v2\/posts\/106437\/revisions\/106439"}],"wp:featuredmedia":[{"embeddable":true,"href":"https:\/\/tvbrazilusa.com\/pt\/wp-json\/wp\/v2\/media\/106438"}],"wp:attachment":[{"href":"https:\/\/tvbrazilusa.com\/pt\/wp-json\/wp\/v2\/media?parent=106437"}],"wp:term":[{"taxonomy":"category","embeddable":true,"href":"https:\/\/tvbrazilusa.com\/pt\/wp-json\/wp\/v2\/categories?post=106437"},{"taxonomy":"post_tag","embeddable":true,"href":"https:\/\/tvbrazilusa.com\/pt\/wp-json\/wp\/v2\/tags?post=106437"}],"curies":[{"name":"wp","href":"https:\/\/api.w.org\/{rel}","templated":true}]}}