{"id":106440,"date":"2025-02-24T23:46:50","date_gmt":"2025-02-24T23:46:50","guid":{"rendered":"https:\/\/tvbrazilusa.com\/2025\/02\/24\/o-aceno-de-trump-a-bolsonaro-centrao-abandona-lula\/"},"modified":"2025-02-24T23:46:50","modified_gmt":"2025-02-24T23:46:50","slug":"o-aceno-de-trump-a-bolsonaro-centrao-abandona-lula","status":"publish","type":"post","link":"https:\/\/tvbrazilusa.com\/pt\/2025\/02\/24\/o-aceno-de-trump-a-bolsonaro-centrao-abandona-lula\/","title":{"rendered":"O ACENO DE TRUMP A BOLSONARO \/ CENTR\u00c3O ABANDONA LULA"},"content":{"rendered":"<p><iframe  width=\"580\" height=\"385\" src=\"https:\/\/www.youtube.com\/embed\/lq8-IyHhbi4?modestbranding=1\" frameborder=\"0\" allowfullscreen><\/iframe><br \/>\n<br \/>O Raio X da Pol\u00edtica recebe o deputado federal Mario Frias (PL-SP). Apresenta\u00e7\u00e3o dos jornalistas Jos\u00e9 Carlos Bernardi e Diogo Forjaz<br \/>\n<br \/><a href=\"https:\/\/www.youtube.com\/watch?v=lq8-IyHhbi4\">source<\/a><\/p>","protected":false},"excerpt":{"rendered":"<p>O Raio X da Pol\u00edtica recebe o deputado federal Mario Frias (PL-SP). Apresenta\u00e7\u00e3o dos jornalistas Jos\u00e9 Carlos Bernardi e Diogo Forjaz source<\/p>","protected":false},"author":1,"featured_media":106441,"comment_status":"","ping_status":"open","sticky":false,"template":"","format":"standard","meta":{"content-type":"","footnotes":""},"categories":[17],"tags":[4178,33108,136,20780,89,356],"class_list":["post-106440","post","type-post","status-publish","format-standard","has-post-thumbnail","hentry","category-programas","tag-abandona","tag-aceno","tag-bolsonaro","tag-centrao","tag-lula","tag-trump"],"_links":{"self":[{"href":"https:\/\/tvbrazilusa.com\/pt\/wp-json\/wp\/v2\/posts\/106440","targetHints":{"allow":["GET"]}}],"collection":[{"href":"https:\/\/tvbrazilusa.com\/pt\/wp-json\/wp\/v2\/posts"}],"about":[{"href":"https:\/\/tvbrazilusa.com\/pt\/wp-json\/wp\/v2\/types\/post"}],"author":[{"embeddable":true,"href":"https:\/\/tvbrazilusa.com\/pt\/wp-json\/wp\/v2\/users\/1"}],"replies":[{"embeddable":true,"href":"https:\/\/tvbrazilusa.com\/pt\/wp-json\/wp\/v2\/comments?post=106440"}],"version-history":[{"count":0,"href":"https:\/\/tvbrazilusa.com\/pt\/wp-json\/wp\/v2\/posts\/106440\/revisions"}],"wp:featuredmedia":[{"embeddable":true,"href":"https:\/\/tvbrazilusa.com\/pt\/wp-json\/wp\/v2\/media\/106441"}],"wp:attachment":[{"href":"https:\/\/tvbrazilusa.com\/pt\/wp-json\/wp\/v2\/media?parent=106440"}],"wp:term":[{"taxonomy":"category","embeddable":true,"href":"https:\/\/tvbrazilusa.com\/pt\/wp-json\/wp\/v2\/categories?post=106440"},{"taxonomy":"post_tag","embeddable":true,"href":"https:\/\/tvbrazilusa.com\/pt\/wp-json\/wp\/v2\/tags?post=106440"}],"curies":[{"name":"wp","href":"https:\/\/api.w.org\/{rel}","templated":true}]}}