{"id":106450,"date":"2025-02-25T13:03:12","date_gmt":"2025-02-25T13:03:12","guid":{"rendered":"https:\/\/tvbrazilusa.com\/2025\/02\/25\/previa-inflacao-dispara-em-fevereiro-e-tem-a-maior-taxa-em-9-anos-confira-porcentagem\/"},"modified":"2025-02-25T13:03:13","modified_gmt":"2025-02-25T13:03:13","slug":"previa-inflacao-dispara-em-fevereiro-e-tem-a-maior-taxa-em-9-anos-confira-porcentagem","status":"publish","type":"post","link":"https:\/\/tvbrazilusa.com\/pt\/2025\/02\/25\/previa-inflacao-dispara-em-fevereiro-e-tem-a-maior-taxa-em-9-anos-confira-porcentagem\/","title":{"rendered":"Pr\u00e9via infla\u00e7\u00e3o dispara em fevereiro e tem a maior taxa em 9 anos; confira porcentagem"},"content":{"rendered":"<p> <script async src=\"https:\/\/pagead2.googlesyndication.com\/pagead\/js\/adsbygoogle.js?client=ca-pub-8864793242727901\"\r\n     crossorigin=\"anonymous\"><\/script><br \/>\n<\/p>\n<div id=\"taboola-read-more\" style=\"display:block; width:100%\">\n<p>O IPCA-15, considerada a pr\u00e9via da infla\u00e7\u00e3o oficial do pa\u00eds, atingiu 1,23% em fevereiro, segundo informa\u00e7\u00f5es divulgadas pelo Instituto Brasileiro de Geografia e Estat\u00edstica (IBGE) nesta ter\u00e7a-feira, 25. Essa foi a maior taxa para o m\u00eas desde 2016, quando o indicador foi de 1,42%.\n<\/p>\n<p>Na compara\u00e7\u00e3o com o m\u00eas passado, o aumento foi de 1,12 ponto porcentual (p.p.). No ano, o IPCA-15 acumula alta de 1,34% e, nos \u00faltimos 12 meses, a varia\u00e7\u00e3o do IPCA-15 foi de 4,96%, acima dos 4,50% observados nos 12 meses imediatamente anteriores. Em fevereiro de 2024, o indicador foi de 0,78%.<\/p>\n<p>Dos nove grupos pesquisados, habita\u00e7\u00e3o (4,34%) teve o maior impacto (0,63 p.p.) no \u00edndice do m\u00eas, enquanto educa\u00e7\u00e3o apresentou a maior varia\u00e7\u00e3o (4,78% e impacto de 0,29 p.p.). As demais varia\u00e7\u00f5es ficaram entre o -0,08% de vestu\u00e1rio e o 0,61% de alimenta\u00e7\u00e3o e bebidas.\n<\/p>\n<\/p>\n<p>No grupo habita\u00e7\u00e3o (4,34%), a energia el\u00e9trica residencial foi o subitem com o maior impacto positivo no \u00edndice (0,54 p.p.), que subiu 16,33% em fevereiro em fun\u00e7\u00e3o da incorpora\u00e7\u00e3o do b\u00f4nus de Itaipu.\n<\/p>\n<p>Em educa\u00e7\u00e3o (4,78%), a maior contribui\u00e7\u00e3o veio dos cursos regulares (5,69%), por conta dos reajustes habitualmente praticados no in\u00edcio do ano letivo. As maiores varia\u00e7\u00f5es vieram do ensino fundamental (7,50%), do ensino m\u00e9dio (7,26%) e do ensino superior (4,08%).\n<\/p>\n<p>No grupo alimenta\u00e7\u00e3o e bebidas (0,61% e 0,14 p.p.), a alimenta\u00e7\u00e3o no domic\u00edlio aumentou 0,63% em fevereiro, abaixo do resultado de janeiro (1,10%). As principais varia\u00e7\u00f5es positivas foram as de cenoura (17,62%) e do caf\u00e9 mo\u00eddo (11,63%) e, no lado das quedas, destacaram-se a batata-inglesa (-8,17%) o arroz (-1,49%) e as frutas (-1,18%).\n<\/p>\n<p>A alimenta\u00e7\u00e3o fora do domic\u00edlio desacelerou de 0,93% em janeiro para 0,56% em fevereiro. Tanto a refei\u00e7\u00e3o (0,43%) quanto o lanche (0,77%) tiveram varia\u00e7\u00f5es inferiores \u00e0s observadas no m\u00eas anterior (0,96% e 0,98%, respectivamente).\n<\/p>\n<p>No grupo dos transportes (0,44% e 0,09 p.p.), os combust\u00edveis aumentaram 1,88%. Houve aumentos nos pre\u00e7os do etanol (3,22%), do \u00f3leo diesel (2,42%) e da gasolina (1,71%), enquanto o g\u00e1s veicular teve resultado negativo de 0,41%. As passagens a\u00e9reas tiveram redu\u00e7\u00e3o de 20,42%.\n<\/p>\n<p>Quanto aos \u00edndices regionais, a maior varia\u00e7\u00e3o foi observada em Recife (1,49%), por conta das altas da energia el\u00e9trica residencial (14,78%) e da gasolina (3,74%). J\u00e1 o menor resultado ocorreu em Goi\u00e2nia (0,99%), em raz\u00e3o das quedas nas passagens a\u00e9reas (-26,67%) e do arroz (-2,67%).\n<\/p>\n<p>Fonte: Revista Oeste              <\/p>\n<\/div>\n<p><br \/>\n<br \/><a href=\"https:\/\/diariodobrasilnoticias.com.br\/noticia\/previa-inflacao-dispara-em-fevereiro-e-tem-a-maior-taxa-em-9-anos-confira-porcentagem-67bdbc0fdf652\">Source link <\/a><\/p>","protected":false},"excerpt":{"rendered":"<p>O IPCA-15, considerada a pr\u00e9via da infla\u00e7\u00e3o oficial do pa\u00eds, atingiu 1,23% em fevereiro, segundo informa\u00e7\u00f5es divulgadas pelo Instituto Brasileiro de Geografia e Estat\u00edstica (IBGE) nesta ter\u00e7a-feira, 25. Essa foi&hellip;<\/p>","protected":false},"author":1,"featured_media":106451,"comment_status":"closed","ping_status":"open","sticky":false,"template":"","format":"standard","meta":{"content-type":"","footnotes":""},"categories":[16],"tags":[123,2448,5313,1267],"class_list":["post-106450","post","type-post","status-publish","format-standard","has-post-thumbnail","hentry","category-noticias","tag-brasil","tag-diario","tag-noticia","tag-noticias"],"_links":{"self":[{"href":"https:\/\/tvbrazilusa.com\/pt\/wp-json\/wp\/v2\/posts\/106450","targetHints":{"allow":["GET"]}}],"collection":[{"href":"https:\/\/tvbrazilusa.com\/pt\/wp-json\/wp\/v2\/posts"}],"about":[{"href":"https:\/\/tvbrazilusa.com\/pt\/wp-json\/wp\/v2\/types\/post"}],"author":[{"embeddable":true,"href":"https:\/\/tvbrazilusa.com\/pt\/wp-json\/wp\/v2\/users\/1"}],"replies":[{"embeddable":true,"href":"https:\/\/tvbrazilusa.com\/pt\/wp-json\/wp\/v2\/comments?post=106450"}],"version-history":[{"count":1,"href":"https:\/\/tvbrazilusa.com\/pt\/wp-json\/wp\/v2\/posts\/106450\/revisions"}],"predecessor-version":[{"id":106452,"href":"https:\/\/tvbrazilusa.com\/pt\/wp-json\/wp\/v2\/posts\/106450\/revisions\/106452"}],"wp:featuredmedia":[{"embeddable":true,"href":"https:\/\/tvbrazilusa.com\/pt\/wp-json\/wp\/v2\/media\/106451"}],"wp:attachment":[{"href":"https:\/\/tvbrazilusa.com\/pt\/wp-json\/wp\/v2\/media?parent=106450"}],"wp:term":[{"taxonomy":"category","embeddable":true,"href":"https:\/\/tvbrazilusa.com\/pt\/wp-json\/wp\/v2\/categories?post=106450"},{"taxonomy":"post_tag","embeddable":true,"href":"https:\/\/tvbrazilusa.com\/pt\/wp-json\/wp\/v2\/tags?post=106450"}],"curies":[{"name":"wp","href":"https:\/\/api.w.org\/{rel}","templated":true}]}}