{"id":106456,"date":"2025-02-25T13:32:26","date_gmt":"2025-02-25T13:32:26","guid":{"rendered":"https:\/\/tvbrazilusa.com\/2025\/02\/25\/fila-do-inss-cresce-com-lula-apesar-de-promessas\/"},"modified":"2025-02-25T13:32:28","modified_gmt":"2025-02-25T13:32:28","slug":"fila-do-inss-cresce-com-lula-apesar-de-promessas","status":"publish","type":"post","link":"https:\/\/tvbrazilusa.com\/pt\/2025\/02\/25\/fila-do-inss-cresce-com-lula-apesar-de-promessas\/","title":{"rendered":"Fila do INSS cresce com Lula apesar de promessas"},"content":{"rendered":"<p> <script async src=\"https:\/\/pagead2.googlesyndication.com\/pagead\/js\/adsbygoogle.js?client=ca-pub-8864793242727901\"\r\n     crossorigin=\"anonymous\"><\/script><br \/>\n<\/p>\n<p>O presidente Luiz In\u00e1cio Lula da Silva (PT) ainda n\u00e3o conseguiu cumprir a sua promessa de reduzir a fila de espera do INSS (Instituto Nacional do Seguro Social).\n<\/p>\n<p>Em novembro de 2024, \u00faltimo dado dispon\u00edvel, havia 1.985.090 requerimentos de benef\u00edcios pendentes de an\u00e1lise, n\u00famero que se aproxima do recorde do governo de Jair Bolsonaro (PL), de 2.032.099 em janeiro de 2020.<\/p>\n<p>No 1\u00ba semestre do ano passado, a fila recuou 12,4%, mas voltou a crescer em julho e n\u00e3o parou mais \u2013coincidindo com o per\u00edodo em que os funcion\u00e1rios do \u00f3rg\u00e3o fizeram greve. Desde o in\u00edcio do governo petista, houve uma alta de 82,5% nos requerimentos pendentes.\n<\/p>\n<div>\n<p>Lula declarou em dezembro de 2022, depois de ter vencido a elei\u00e7\u00e3o, que um \u201cdesmonte\u201d de Bolsonaro teria sido o respons\u00e1vel pela situa\u00e7\u00e3o de atraso no INSS.\n<\/p>\n<p>Eis algumas promessas e declara\u00e7\u00f5es feitas pelo presidente e por seu ministro da Previd\u00eancia:\n<\/p>\n<ul>\n<li>1\u00ba.dez.2022 (Lula, antes de tomar posse) \u2013 \u201cTeremos muito trabalho pela frente [para reduzir a fila do INSS] e temos um compromisso com o povo brasileiro\u201d;<\/li>\n<li>1\u00ba.jan.2023 (Lula, em discurso no Congresso) \u2013 \u201cEstejam certos de que vamos acabar, mais uma vez, com a vergonhosa fila do INSS, outra injusti\u00e7a restabelecida nestes tempos de destrui\u00e7\u00e3o\u201d;<\/li>\n<li>24.abr.2023 (Carlos Lupi) \u2013 \u201cN\u00e3o \u00e9 uma quest\u00e3o simples de resolver. Existem v\u00e1rios tipos de problemas diferentes. [\u2026] Tem v\u00e1rios tipos de atendimento. Dessa fila de 1,8 milh\u00e3o de benef\u00edcios, 1 milh\u00e3o aguardam per\u00edcia. Temos 3.500 m\u00e9dicos que est\u00e3o trabalhando\u201d;<\/li>\n<li>11.jul.2023 (Lula, h\u00e1 6 meses no Planalto) \u2013 \u201cN\u00e3o h\u00e1 explica\u00e7\u00e3o [para o tamanho da fila], a n\u00e3o ser n\u00e3o ter dinheiro para pagar. Se for isso, tem que ser muito verdadeiro com o povo e dizer o porqu\u00ea dessa fila. Se \u00e9 falta de funcion\u00e1rio, a gente tem que contratar. Se \u00e9 falta de compet\u00eancia, a gente tem que trocar quem n\u00e3o tem compet\u00eancia\u201d;<\/li>\n<li>18.out.2023 (Carlos Lupi) \u2013 \u201cAno que vem, espero viver um outro patamar para melhorar ainda mais esse servi\u00e7o [de concess\u00e3o de benef\u00edcios do INSS]\u201d;<\/li>\n<li>3.jan.2024 (Carlos Lupi) \u2013 \u201cO meu desafio \u00e9 que ao mesmo o tempo que voc\u00ea tem que reduzir a fila, que chegou a mais de 1,8 milh\u00e3o, voc\u00ea tem tamb\u00e9m o fluxo, di\u00e1rio e mensal de pedidos iniciais. A fila nunca vai zerar, mas o prazo m\u00e9dio de concess\u00e3o vai ficar nos 45 dias em dezembro, com certeza\u201d.<\/li>\n<\/ul>\n<p>O Poder360 entrou em contato com o Minist\u00e9rio da Previd\u00eancia para perguntar se queria comentar os dados apresentados nesta reportagem. O \u00f3rg\u00e3o n\u00e3o respondeu sobre o conte\u00fado em si, mas informou que as informa\u00e7\u00f5es estat\u00edsticas s\u00e3o p\u00fablicas e est\u00e3o dispon\u00edveis no Portal da Transpar\u00eancia Previdenci\u00e1ria.\n<\/p>\n<p>Em julho de 2024, os funcion\u00e1rios do INSS entraram em greve. Reivindicavam aumento salarial e melhores condi\u00e7\u00f5es de trabalho. Ficaram com as atividades parcialmente paralisadas at\u00e9 novembro do mesmo ano, quando fizeram acordo com o Minist\u00e9rio da Gest\u00e3o e Inova\u00e7\u00e3o.\n<\/p>\n<p>Na 2\u00aa feira (24.fev.2025), o governo informou que far\u00e1 uma \u201ca\u00e7\u00e3o extraordin\u00e1ria\u201d para tentar reduzir a fila de espera do INSS. Ser\u00e3o destacados 500 funcion\u00e1rios, que dever\u00e3o trabalhar por 90 dias exclusivamente na an\u00e1lise de requerimentos pendentes.\n<\/p>\n<p><strong>TEMPO DE ESPERA CAI<\/strong>\n<\/p>\n<p>No Brasil como um todo, o tempo de espera m\u00e9dio para an\u00e1lise dos requerimentos do INSS caiu com Lula. Em novembro de 2024, era de 43 dias, ante 50 em janeiro do mesmo ano e 69 no in\u00edcio do governo. A fila n\u00e3o acompanhou essa queda porque mais pedidos foram registrados no per\u00edodo.\n<\/p>\n<p>A pior situa\u00e7\u00e3o por unidade da Federa\u00e7\u00e3o \u00e9 em Rond\u00f4nia, que tem tempo m\u00e9dio de espera para concess\u00e3o de benef\u00edcios de 88 dias (45 a mais que a m\u00e9dia nacional). O Distrito Federal tem a menor espera: 28 dias.\n<\/p>\n<p><strong>Poder 360<\/strong>\n<\/p>\n<\/div>\n<p><br \/>\n<br \/><a href=\"https:\/\/diariodobrasilnoticias.com.br\/noticia\/fila-do-inss-cresce-com-lula-apesar-de-promessas-67bdb9c560aa1\">Source link <\/a><\/p>","protected":false},"excerpt":{"rendered":"<p>O presidente Luiz In\u00e1cio Lula da Silva (PT) ainda n\u00e3o conseguiu cumprir a sua promessa de reduzir a fila de espera do INSS (Instituto Nacional do Seguro Social). Em novembro&hellip;<\/p>","protected":false},"author":1,"featured_media":106457,"comment_status":"closed","ping_status":"open","sticky":false,"template":"","format":"standard","meta":{"content-type":"","footnotes":""},"categories":[16],"tags":[123,2448,5313,1267],"class_list":["post-106456","post","type-post","status-publish","format-standard","has-post-thumbnail","hentry","category-noticias","tag-brasil","tag-diario","tag-noticia","tag-noticias"],"_links":{"self":[{"href":"https:\/\/tvbrazilusa.com\/pt\/wp-json\/wp\/v2\/posts\/106456","targetHints":{"allow":["GET"]}}],"collection":[{"href":"https:\/\/tvbrazilusa.com\/pt\/wp-json\/wp\/v2\/posts"}],"about":[{"href":"https:\/\/tvbrazilusa.com\/pt\/wp-json\/wp\/v2\/types\/post"}],"author":[{"embeddable":true,"href":"https:\/\/tvbrazilusa.com\/pt\/wp-json\/wp\/v2\/users\/1"}],"replies":[{"embeddable":true,"href":"https:\/\/tvbrazilusa.com\/pt\/wp-json\/wp\/v2\/comments?post=106456"}],"version-history":[{"count":1,"href":"https:\/\/tvbrazilusa.com\/pt\/wp-json\/wp\/v2\/posts\/106456\/revisions"}],"predecessor-version":[{"id":106458,"href":"https:\/\/tvbrazilusa.com\/pt\/wp-json\/wp\/v2\/posts\/106456\/revisions\/106458"}],"wp:featuredmedia":[{"embeddable":true,"href":"https:\/\/tvbrazilusa.com\/pt\/wp-json\/wp\/v2\/media\/106457"}],"wp:attachment":[{"href":"https:\/\/tvbrazilusa.com\/pt\/wp-json\/wp\/v2\/media?parent=106456"}],"wp:term":[{"taxonomy":"category","embeddable":true,"href":"https:\/\/tvbrazilusa.com\/pt\/wp-json\/wp\/v2\/categories?post=106456"},{"taxonomy":"post_tag","embeddable":true,"href":"https:\/\/tvbrazilusa.com\/pt\/wp-json\/wp\/v2\/tags?post=106456"}],"curies":[{"name":"wp","href":"https:\/\/api.w.org\/{rel}","templated":true}]}}