{"id":106468,"date":"2025-02-25T14:26:41","date_gmt":"2025-02-25T14:26:41","guid":{"rendered":"https:\/\/tvbrazilusa.com\/2025\/02\/25\/piloto-de-aviao-e-picado-por-aranha-e-tem-reacao-alergica-em-pleno-voo\/"},"modified":"2025-02-25T14:26:42","modified_gmt":"2025-02-25T14:26:42","slug":"piloto-de-aviao-e-picado-por-aranha-e-tem-reacao-alergica-em-pleno-voo","status":"publish","type":"post","link":"https:\/\/tvbrazilusa.com\/pt\/2025\/02\/25\/piloto-de-aviao-e-picado-por-aranha-e-tem-reacao-alergica-em-pleno-voo\/","title":{"rendered":"Piloto de avi\u00e3o \u00e9 picado por aranha e tem rea\u00e7\u00e3o al\u00e9rgica em pleno voo"},"content":{"rendered":"<p> <script async src=\"https:\/\/pagead2.googlesyndication.com\/pagead\/js\/adsbygoogle.js?client=ca-pub-8864793242727901\"\r\n     crossorigin=\"anonymous\"><\/script><br \/>\n<\/p>\n<div id=\"taboola-read-more\" style=\"display:block; width:100%\">\n<p>Um piloto da companhia a\u00e9rea espanhola Iberia foi picado por uma aranha durante um voo que ligava a cidade alem\u00e3 de D\u00fcsseldorf a Madri. Segundo a tripula\u00e7\u00e3o, tratava-se de uma tar\u00e2ntula, por\u00e9m ainda n\u00e3o houve essa confirma\u00e7\u00e3o. Segundo jornais espanh\u00f3is, por ser al\u00e9rgico a aranhas, o piloto teve rea\u00e7\u00e3o e precisou receber atendimento ainda no ar.\n<\/p>\n<p>Os passageiros a bordo do Airbus A320 que fazia a rota no \u00faltimo domingo (23), por\u00e9m, n\u00e3o souberam do ocorrido at\u00e9 o pouso no aeroporto de Barajas, que atende a capital da Espanha.<\/p>\n<p>Segundo o jornal &#8220;La Voz de Galicia&#8221;, suspeita-se que a aranha tenha entrado na aeronave durante uma passagem pela cidade marroquina de Casablanca, no dia anterior. O mesmo Airbus A320 fez diversos voos em seguida, para Bruxelas, Ast\u00farias, Corunha, Santiago de Compostela, Madri, Toulouse e, finalmente, D\u00fcsseldorf.\n<\/p>\n<p>As tar\u00e2ntulas n\u00e3o s\u00e3o perigosas para humanos adultos, mas, por conta da rea\u00e7\u00e3o al\u00e9rgica, o piloto recebeu um corticoide como medicamento, que fazia parte do kit de primeiros socorros da tripula\u00e7\u00e3o. De acordo com a imprensa espanhola, a Iberia afirma que o profissional est\u00e1 bem de sa\u00fade.\n<\/p>\n<p>Ao pousar, os passageiros desembarcaram normalmente, mas a aeronave passou por um processo de desinsetiza\u00e7\u00e3o, o que atrasou o embarque e decolagem para o trecho seguinte, de Madri \u00e0 cidade espanhola de Vigo.\n<\/p>\n<p>Com informa\u00e7\u00f5es de g1              <\/p>\n<\/div>\n<p><br \/>\n<br \/><a href=\"https:\/\/diariodobrasilnoticias.com.br\/noticia\/piloto-de-aviao-e-picado-por-aranha-e-tem-reacao-alergica-em-pleno-voo-67bdbb0241f65\">Source link <\/a><\/p>","protected":false},"excerpt":{"rendered":"<p>Um piloto da companhia a\u00e9rea espanhola Iberia foi picado por uma aranha durante um voo que ligava a cidade alem\u00e3 de D\u00fcsseldorf a Madri. Segundo a tripula\u00e7\u00e3o, tratava-se de uma&hellip;<\/p>","protected":false},"author":1,"featured_media":106469,"comment_status":"closed","ping_status":"open","sticky":false,"template":"","format":"standard","meta":{"content-type":"","footnotes":""},"categories":[16],"tags":[123,2448,5313,1267],"class_list":["post-106468","post","type-post","status-publish","format-standard","has-post-thumbnail","hentry","category-noticias","tag-brasil","tag-diario","tag-noticia","tag-noticias"],"_links":{"self":[{"href":"https:\/\/tvbrazilusa.com\/pt\/wp-json\/wp\/v2\/posts\/106468","targetHints":{"allow":["GET"]}}],"collection":[{"href":"https:\/\/tvbrazilusa.com\/pt\/wp-json\/wp\/v2\/posts"}],"about":[{"href":"https:\/\/tvbrazilusa.com\/pt\/wp-json\/wp\/v2\/types\/post"}],"author":[{"embeddable":true,"href":"https:\/\/tvbrazilusa.com\/pt\/wp-json\/wp\/v2\/users\/1"}],"replies":[{"embeddable":true,"href":"https:\/\/tvbrazilusa.com\/pt\/wp-json\/wp\/v2\/comments?post=106468"}],"version-history":[{"count":1,"href":"https:\/\/tvbrazilusa.com\/pt\/wp-json\/wp\/v2\/posts\/106468\/revisions"}],"predecessor-version":[{"id":106470,"href":"https:\/\/tvbrazilusa.com\/pt\/wp-json\/wp\/v2\/posts\/106468\/revisions\/106470"}],"wp:featuredmedia":[{"embeddable":true,"href":"https:\/\/tvbrazilusa.com\/pt\/wp-json\/wp\/v2\/media\/106469"}],"wp:attachment":[{"href":"https:\/\/tvbrazilusa.com\/pt\/wp-json\/wp\/v2\/media?parent=106468"}],"wp:term":[{"taxonomy":"category","embeddable":true,"href":"https:\/\/tvbrazilusa.com\/pt\/wp-json\/wp\/v2\/categories?post=106468"},{"taxonomy":"post_tag","embeddable":true,"href":"https:\/\/tvbrazilusa.com\/pt\/wp-json\/wp\/v2\/tags?post=106468"}],"curies":[{"name":"wp","href":"https:\/\/api.w.org\/{rel}","templated":true}]}}