{"id":106471,"date":"2025-02-25T14:38:45","date_gmt":"2025-02-25T14:38:45","guid":{"rendered":"https:\/\/tvbrazilusa.com\/2025\/02\/25\/aras-ex-procurador-geral-contesta-inquerito-contra-presidente-da-republica-nao-se-faz-na-pf\/"},"modified":"2025-02-25T14:38:45","modified_gmt":"2025-02-25T14:38:45","slug":"aras-ex-procurador-geral-contesta-inquerito-contra-presidente-da-republica-nao-se-faz-na-pf","status":"publish","type":"post","link":"https:\/\/tvbrazilusa.com\/pt\/2025\/02\/25\/aras-ex-procurador-geral-contesta-inquerito-contra-presidente-da-republica-nao-se-faz-na-pf\/","title":{"rendered":"Aras, ex-procurador-geral, contesta: \u2018Inqu\u00e9rito contra presidente da Rep\u00fablica n\u00e3o se faz na PF\u2019"},"content":{"rendered":"<p> <script async src=\"https:\/\/pagead2.googlesyndication.com\/pagead\/js\/adsbygoogle.js?client=ca-pub-8864793242727901\"\r\n     crossorigin=\"anonymous\"><\/script><br \/>\n<\/p>\n<div id=\"taboola-read-more\" style=\"display:block; width:100%\">\n<p>Antecessor de Paulo Gonet no comando da PGR (Procuradoria-Geral da Rep\u00fablica), o hoje advogado Augusto Aras tem sido criticado por n\u00e3o ter apresentado den\u00fancia contra o ex-presidente Jair Bolsonaro ao STF quando chefiava a institui\u00e7\u00e3o, entre agosto de 2019 e setembro de 2023.\n<\/p>\n<p>Na dela\u00e7\u00e3o premiada, o tenente-coronel Mauro Cid, ex-ajudante de ordens de Bolsonaro, disse que o ent\u00e3o presidente recebia o ent\u00e3o procurador-geral no Pal\u00e1cio da Alvorada cerca de uma vez por m\u00eas. Ainda segundo Cid, tamb\u00e9m participava dos encontros a subprocuradora da Rep\u00fablica Lind\u00f4ra Ara\u00fajo, bra\u00e7o direito de Aras para os casos criminais.<\/p>\n<p>Augusto Aras se defendeu no X e no LinkedIn, redes sociais onde tem perfis, com ataques \u00e0 atua\u00e7\u00e3o da imprensa na cobertura da den\u00fancia sobre a tentativa de golpe de Estado.\n<\/p>\n<p>\u201cPGR Aras delegou, como outras gest\u00f5es do MPF, fun\u00e7\u00f5es criminais aos sub-PGRs, titulares de independ\u00eancia funcional. Jornalistas de verdade sabem disso. O resto \u00e9 fake news\u201d, diz a postagem feita no domingo, 23, que acompanha uma foto dele de toga, da \u00e9poca que acompanhava as sess\u00f5es do STF no plen\u00e1rio. Aras enviou a mesma mensagem para o WhatsApp de conhecidos no mesmo dia que a publicou em redes sociais.\n<\/p>\n<p>Em entrevista exclusiva \u00e0 coluna, Aras criticou a investiga\u00e7\u00e3o da Pol\u00edcia Federal que embasou a den\u00fancia apresentada ao STF por seu sucessor, Paulo Gonet. Sobre os encontros regulares que tinha com Bolsonaro, ele diz que, nessas ocasi\u00f5es, os dois conversavam sobre futebol.\n<\/p>\n<p>O que o senhor tem a declarar sobre as cr\u00edticas \u00e0 sua atua\u00e7\u00e3o na apura\u00e7\u00e3o de ind\u00edcios de crimes imputados a Jair Bolsonaro?<br \/>Augusto Aras \u2013 Estou h\u00e1 um ano e meio fora do cargo. Eu tenho um alto senso de responsabilidade moral, e a imprensa, \u00e0s vezes, se utiliza de certos artif\u00edcios. Eu lhe mandei agora o post do X e do LinkedIn dizendo o que eu estou dizendo h\u00e1 quatro anos. Eu deleguei todas as fun\u00e7\u00f5es criminais aos meus colegas subprocuradores, todos eles, al\u00e9m de titulares de independ\u00eancia funcional, atuam de acordo com suas consci\u00eancias. Ent\u00e3o, eu n\u00e3o posso ser respons\u00e1vel por nenhuma cr\u00edtica na mat\u00e9ria penal, porque n\u00e3o foram da minha autoria.\n<\/p>\n<p>O senhor se sente injusti\u00e7ado?<br \/>\u00c9 impressionante que tudo o que eu fiz em 14 fun\u00e7\u00f5es no Brasil e no exterior n\u00e3o mere\u00e7a nenhuma considera\u00e7\u00e3o da imprensa. Eu fiz quatro mil teses no Supremo durante meu of\u00edcio na PGR, das quais de 80% a 90% foram acolhidas. Coloquei na Amaz\u00f4nia 80 novos procuradores, coloquei barcos, navios, 5G. Eu fiz tantas atua\u00e7\u00f5es para repreender o crime organizado, do ponto de vista dos acordos internacionais. Eu estive uma vez em Washington, uma vez em Haia. Nada disso tem valor? Eu s\u00f3 sou lembrado pelas a\u00e7\u00f5es dos meus colegas? Eu jamais interferi na atua\u00e7\u00e3o dos meus colegas.\n<\/p>\n<p>Paulo Gonet atuou perante o Tribunal Superior Eleitoral na gest\u00e3o do senhor. Como era a rela\u00e7\u00e3o?<br \/>Paulo Gustavo Gonet, que \u00e9 um homem de bem, s\u00e9rio, respons\u00e1vel, que foi meu delegat\u00e1rio (procurador que recebe delega\u00e7\u00e3o do PGR) no Minist\u00e9rio P\u00fablico Eleitoral, quando foi dar o parecer (no TSE) contra Bolsonaro, me telefonou. Disse: \u201cVoc\u00ea quer que eu mande o parecer e voc\u00ea assina?\u201d. Eu disse: \u201cN\u00e3o, Paulo, eu nunca fiz isso com ningu\u00e9m, n\u00e3o vou fazer com voc\u00ea. Voc\u00ea d\u00e1 o parecer que a sua consci\u00eancia mandar\u201d. Ou seja, como \u00e9 que eu respeitei todas as delega\u00e7\u00f5es sem nenhum tipo de inser\u00e7\u00e3o, todas da \u00e1rea criminal, todas da eleitoral, e me reservei 14 fun\u00e7\u00f5es diferentes, que \u00e9 o que a Constitui\u00e7\u00e3o estabelece, e eu s\u00f3 sou atacado por aquilo que eu n\u00e3o fiz?\n<\/p>\n<p>Se fosse ent\u00e3o para ser apresentada uma den\u00fancia contra Bolsonaro na gest\u00e3o do senhor, quem deveria ter apresentado, j\u00e1 que o senhor delegou a fun\u00e7\u00e3o?<br \/>Em primeiro lugar, \u00e9 preciso ter investigado. Na minha gest\u00e3o, houve uma onda de estrangulamento de representa\u00e7\u00f5es para efeitos pol\u00edticos que n\u00e3o tinham nenhum valor. Essas representa\u00e7\u00f5es, que muitas n\u00e3o tinham nem p\u00e1gina de jornal, como est\u00e1 come\u00e7ando a acontecer agora na gest\u00e3o atual, elas eram apreciadas pelos delegat\u00e1rios. Todas elas. Eu s\u00f3 queria responder aquilo que foi da minha lavra, da minha capacidade pessoal de gerir.\n<\/p>\n<p>Nessa quest\u00e3o espec\u00edfica do golpe, na qual o senhor est\u00e1 sendo bastante atacado, desculpa insistir nesse ponto\u2026<br \/>Essa \u00e9 a parte mais interessante que tem. \u00c9 a parte que o jornalista Lu\u00eds Costa Pinto entrevistou ministros do Supremo, procuradores, entrevistou 20 pessoas diferentes e, por \u00faltimo me entrevistou. No livro do Lu\u00eds (\u201cO Procurador\u201d, lan\u00e7ado em 2024), ele narra a nossa atua\u00e7\u00e3o juntamente com o Minist\u00e9rio P\u00fablico Militar, juntamente com os ministros Dias Toffoli, Gilmar Mendes, Luiz Fux. Olha, o Fux tinha snipers no teto (do STF) para atirar em quem invadisse o Supremo. O (general) Braga Netto (ex-ministro da Defesa e da Casa Civil de Bolsonaro) me telefonou para perguntar se podia. Eu disse: \u201cPode defender a sua institui\u00e7\u00e3o e a sua sede\u201d.\n<\/p>\n<p>Quando era PGR, o senhor n\u00e3o apresentou a den\u00fancia porque a investiga\u00e7\u00e3o n\u00e3o tinha sido finalizada, \u00e9 isso?<br \/>N\u00e3o apresentei denuncia porque na \u00e9poca n\u00e3o houve (n\u00e3o completa a frase). Em 2021 e 2022, n\u00f3s n\u00e3o permitimos nenhum movimento militar armado de nenhuma especie. L\u00e1 no livro tamb\u00e9m est\u00e1 dito que eu havia me comunicado com ministros do PT, j\u00e1 do governo Lula, para adiantar a posse. \u00c9 verdade. Quem falou do assunto foi eu, com o ministro Rui Costa e com o senador Jacques Wagner. O ministro Alexandre (de Moraes) nega, mas eu comuniquei isso, que era muito importante.\n<\/p>\n<p>Na dela\u00e7\u00e3o, Mauro Cid diz que o senhor tinha uma rela\u00e7\u00e3o muito pr\u00f3xima com o ent\u00e3o presidente Bolsonaro, e que ia ao Pal\u00e1cio da Alvorada sem agendamento pr\u00e9vio. \u00c9 verdade?<br \/>Eu nunca fui ao Pal\u00e1cio, nem do Planalto nem do Alvorada, sem ser convidado. Nunca pedi nenhuma audi\u00eancia com Bolsonaro. Todavia, de dois em dois meses ele me convidava, e eu tenho dever de of\u00edcio, acima de tudo, de atender aos convites do presidente da Rep\u00fablica, assim como fui semanalmente ao Supremo em gabinetes conversar com ministros. Ministros esses que tamb\u00e9m frequentavam o Pal\u00e1cio, n\u00e3o sei se o Planalto ou a Alvorada, e ningu\u00e9m levanta nenhuma suspeita.\n<\/p>\n<p>Como eram essas visitas?<br \/>As visitas para as quais ele me convidava eram sempre de 15 minutos de conversa. Ele me recebia sempre vestido ao modo dele, esportivamente, s\u00f3 conversava de futebol, de Palmeiras, Corinthians, Botafogo. E, com 15 minutos, acabou a conversa, eu ia embora.\n<\/p>\n<p>Ele n\u00e3o pedia nada?<br \/>Nada, zero. Zero conversa de ordem estatal.\n<\/p>\n<p>O senhor torce para o mesmo time do Bolsonaro?<br \/>Em hip\u00f3tese alguma. Eu n\u00e3o entendo de futebol, n\u00e3o tenho afinidade com futebol. Ali\u00e1s, jocosamente, eu digo que sou Botafogo, porque o Botafogo, depois de mais de 30 anos, s\u00f3 foi campe\u00e3o no ano passado. N\u00e3o \u00e9 o meu esporte preferido, eu n\u00e3o gosto de futebol. A declara\u00e7\u00e3o do Mauro Cid n\u00e3o diz nada. Se eu fosse l\u00e1 a cada 30 dias, n\u00e3o teria nenhuma import\u00e2ncia, porque o presidente nunca convidou ningu\u00e9m, a mim pelo menos, para tratar de assunto nenhum. Agora, lhe garanto que, se voc\u00ea for ver quantas vezes eu fui ao STF, vai dar muito mais, para tratar de assuntos relevantes para a na\u00e7\u00e3o. Mas n\u00e3o com o presidente.\n<\/p>\n<p>O senhor leu a den\u00fancia apresentada ao Supremo por Gonet sobre a tentativa de golpe?<br \/>N\u00e3o olhei a den\u00fancia por raz\u00e3o muito simples: at\u00e9 a minha gest\u00e3o, n\u00e3o havia nenhum inqu\u00e9rito contra o presidente sobre golpe. Os inqu\u00e9ritos que eu abri contra ele foram sete ou oito.\n<\/p>\n<p>E nesses outros casos, o senhor n\u00e3o apresentou den\u00fancia. Por qu\u00ea?<br \/>Porque os inqu\u00e9ritos n\u00e3o foram conclu\u00eddos. Inqu\u00e9rito contra presidente da Rep\u00fablica s\u00e3o judiciais, feitos no STF, que passam pela supervis\u00e3o da Suprema Corte. Inqu\u00e9rito contra presidente da Rep\u00fablica, principalmente na ativa, n\u00e3o se faz na Pol\u00edcia Federal. Bom, isso \u00e9 o que a lei e a jurisprud\u00eancia do Supremo mandam. Se isso n\u00e3o \u00e9 feito atualmente, a\u00ed eu j\u00e1 n\u00e3o posso responder.\n<\/p>\n<p>Como o senhor encara as cr\u00edticas?<br \/>Tudo que me imputam n\u00e3o tem nada a ver com a minha atividade funcional, e isso me d\u00e1 a tranquilidade e a paz da minha consci\u00eancia. N\u00e3o tem nada. O que existe \u00e9 um mau jornalismo. Eu tenho todas as minhas respostas no X e no LinkedIn e em entrevistas a correspondentes estrangeiros. Eu n\u00e3o vou me defender porque eu n\u00e3o tenho nada do que me defender. A cada vez que eu fui atacado covardemente, eu me defendi no X. Eu n\u00e3o vou me defender de nada, a n\u00e3o ser processar alguns mentirosos.\n<\/p>\n<p>O senhor tem mantido contato com o ex-presidente Bolsonaro?<br \/>Em hip\u00f3tese alguma. Eu falei com ele no final de 2022 para desejar um bom Natal e acabou, \u201cc\u2019est fini\u201d. Eu n\u00e3o tenho contato com ningu\u00e9m do ex-governo, a n\u00e3o ser quando encontro em algum evento acad\u00eamico, mais nada.\n<\/p>\n<p>O senhor era mesmo amigo de Meyer Nigri, fundador da construtora Tecnisa? Segundo Mauro Cid, Nigri e outros empres\u00e1rios se reuniram com Bolsonaro em novembro de 2022 para defender uma \u201cposi\u00e7\u00e3o mais radical\u201d sobre o resultado das elei\u00e7\u00f5es.<br \/>\u00c9 uma maldade que algu\u00e9m fez, eu sei quem fez. Conhe\u00e7o ele h\u00e1 uns dez anos. Estive com ele pessoalmente nos \u00faltimos seis anos no dia da minha posse como PGR e em mais outros dois eventos sociais. \u00c9 um empres\u00e1rio filantropo, respeit\u00e1vel no Brasil e fora do pa\u00eds. Qualquer ila\u00e7\u00e3o \u00e9 pura mentira, nunca tive neg\u00f3cio nenhum com ele. \u00c9 um filantropo, tem a natureza de contribuir com humanidade. Isso \u00e9 coisa de gente que n\u00e3o tem o que fazer, e eu sei quem \u00e9 o autor. Primeiro, quiseram envolv\u00ea-lo e, depois, me envolver. Eu o vi no m\u00e1ximo tr\u00eas vezes em eventos sociais, mas isso n\u00e3o me faz deixar de reconhecer o trabalho dele como filantropo.\n<\/p>\n<p>Mas ele fez mesmo campanha perante Bolsonaro para o senhor ser nomeado para o comando da PGR?<br \/>Tem tantas pessoas outras, porque s\u00f3 ele (foi citado)? Posso dizer, ent\u00e3o, que muitos jornalistas me ajudaram quando me entrevistaram na \u00e9poca. E mais: foi Alberto Fraga (deputado do PL-DF), n\u00e3o Meyer, que me apresentou a Bolsonaro.\n<\/p>\n<p>Mas ele ajudou na campanha tamb\u00e9m?<br \/>Ele falando ao meu favor, certamente (ajudou). O empresariado de S\u00e3o Paulo me apoiou e me apoia at\u00e9 hoje. Os inimigos que eu tenho s\u00e3o somente na imprensa.\n<\/p>\n<p>Nigri falou sobre o senhor com Bolsonaro?<br \/>Falou de mim, mas tamb\u00e9m falaram de mim o pessoal da Faria Lima, do agro, da minera\u00e7\u00e3o, de todas as \u00e1reas econ\u00f4micas.\n<\/p>\n<p>A coluna procurou Paulo Gonet por meio da assessoria de imprensa da PGR, mas n\u00e3o houve manifesta\u00e7\u00e3o at\u00e9 a publica\u00e7\u00e3o desta entrevista.\n<\/p>\n<p>Fonte: Estado de Minas              <\/p>\n<\/div>\n<p><br \/>\n<br \/><a href=\"https:\/\/diariodobrasilnoticias.com.br\/noticia\/aras-ex-procurador-geral-contesta-inquerito-contra-presidente-da-republica-nao-se-faz-na-pf-67bdba9b49675\">Source link <\/a><\/p>","protected":false},"excerpt":{"rendered":"<p>Antecessor de Paulo Gonet no comando da PGR (Procuradoria-Geral da Rep\u00fablica), o hoje advogado Augusto Aras tem sido criticado por n\u00e3o ter apresentado den\u00fancia contra o ex-presidente Jair Bolsonaro ao&hellip;<\/p>","protected":false},"author":1,"featured_media":106472,"comment_status":"closed","ping_status":"open","sticky":false,"template":"","format":"standard","meta":{"content-type":"","footnotes":""},"categories":[16],"tags":[123,2448,5313,1267],"class_list":["post-106471","post","type-post","status-publish","format-standard","has-post-thumbnail","hentry","category-noticias","tag-brasil","tag-diario","tag-noticia","tag-noticias"],"_links":{"self":[{"href":"https:\/\/tvbrazilusa.com\/pt\/wp-json\/wp\/v2\/posts\/106471","targetHints":{"allow":["GET"]}}],"collection":[{"href":"https:\/\/tvbrazilusa.com\/pt\/wp-json\/wp\/v2\/posts"}],"about":[{"href":"https:\/\/tvbrazilusa.com\/pt\/wp-json\/wp\/v2\/types\/post"}],"author":[{"embeddable":true,"href":"https:\/\/tvbrazilusa.com\/pt\/wp-json\/wp\/v2\/users\/1"}],"replies":[{"embeddable":true,"href":"https:\/\/tvbrazilusa.com\/pt\/wp-json\/wp\/v2\/comments?post=106471"}],"version-history":[{"count":1,"href":"https:\/\/tvbrazilusa.com\/pt\/wp-json\/wp\/v2\/posts\/106471\/revisions"}],"predecessor-version":[{"id":106473,"href":"https:\/\/tvbrazilusa.com\/pt\/wp-json\/wp\/v2\/posts\/106471\/revisions\/106473"}],"wp:featuredmedia":[{"embeddable":true,"href":"https:\/\/tvbrazilusa.com\/pt\/wp-json\/wp\/v2\/media\/106472"}],"wp:attachment":[{"href":"https:\/\/tvbrazilusa.com\/pt\/wp-json\/wp\/v2\/media?parent=106471"}],"wp:term":[{"taxonomy":"category","embeddable":true,"href":"https:\/\/tvbrazilusa.com\/pt\/wp-json\/wp\/v2\/categories?post=106471"},{"taxonomy":"post_tag","embeddable":true,"href":"https:\/\/tvbrazilusa.com\/pt\/wp-json\/wp\/v2\/tags?post=106471"}],"curies":[{"name":"wp","href":"https:\/\/api.w.org\/{rel}","templated":true}]}}