{"id":106477,"date":"2025-02-25T14:52:55","date_gmt":"2025-02-25T14:52:55","guid":{"rendered":"https:\/\/tvbrazilusa.com\/2025\/02\/25\/nikolas-ferreira-debocha-de-possivel-candidatura-de-janja-capacitada\/"},"modified":"2025-02-25T14:52:57","modified_gmt":"2025-02-25T14:52:57","slug":"nikolas-ferreira-debocha-de-possivel-candidatura-de-janja-capacitada","status":"publish","type":"post","link":"https:\/\/tvbrazilusa.com\/pt\/2025\/02\/25\/nikolas-ferreira-debocha-de-possivel-candidatura-de-janja-capacitada\/","title":{"rendered":"Nikolas Ferreira debocha de poss\u00edvel candidatura de Janja: \u2018Capacitada\u2019"},"content":{"rendered":"<p> <script async src=\"https:\/\/pagead2.googlesyndication.com\/pagead\/js\/adsbygoogle.js?client=ca-pub-8864793242727901\"\r\n     crossorigin=\"anonymous\"><\/script><br \/>\n<\/p>\n<div id=\"taboola-read-more\" style=\"display:block; width:100%\">\n<p>Em entrevista exclusiva concedida ao\u00a0<strong>Pleno.News<\/strong>\u00a0em Bras\u00edlia, o deputado federal Nikolas Ferreira (PL-MG) ironizou a hip\u00f3tese da primeira-dama Janja da Silva concorrer ao Pal\u00e1cio do Planalto, em 2026, caso o presidente Lula (PT) n\u00e3o queira tentar a reelei\u00e7\u00e3o.\n<\/p>\n<p>\u2013 Eu acho a Janja uma \u00f3tima candidata. Se eu sou o PT, eu lan\u00e7aria ela com toda certeza, uma pessoa capacitada, uma pessoa que entende muito sobre gasto p\u00fablico. Pra mim, \u00e9 o nome da esquerda em 2027, n\u00e3o tenho d\u00favidas, ela \u00e9 a nossa \u201c10 e faixa\u201d, \u00e9 a pessoa mais preparada do governo Lula. Lula, por gentileza, lance Janja a presidente. Vou come\u00e7ar a campanha desde hoje: Janja, candidata a presidente do Brasil. N\u00e3o tenho d\u00favida que \u00e9 a pessoa mais capacitada \u2013 disse em tom jocoso o parlamentar.<\/p>\n<p>Em seguida, Nikolas riu e revelou se tratar de uma brincadeira.\n<\/p>\n<p>\u2013 Brincadeira \u00e0 parte, \u00e9 claro, a gente brinca assim com a Janja porque a Janja, meu Deus\u2026 Nunca tire o microfone da Janja, n\u00e9? A Janja, de fato, ela consegue ser democr\u00e1tica, nem a gente gosta dela, nem a esquerda tamb\u00e9m n\u00e3o. Nem o filho do Lula gosta dela. Xingou ela, coisa que se eu xingar ela, eu sou preso, mas o filho do Lula pode. Ser mis\u00f3gino, machista, e tudo mais.\n<\/p>\n<p>\u2013 Eu acho que existem nomes que a esquerda pode colocar, mas eu acho que a popularidade da esquerda e a condi\u00e7\u00e3o de voc\u00ea ter um candidato difuso como o Lula, eu acho muito dif\u00edcil. Agora, as pesquisas j\u00e1 mostram que se a elei\u00e7\u00e3o fosse hoje, o Bolsonaro ganharia do Lula. Isso mostra que ele est\u00e1 derretendo, o que n\u00e3o \u00e9, digamos assim, um significado de que o PT est\u00e1 acabando. N\u00e3o sejam inocentes e ing\u00eanuos nesse sentido. O Lula vai morrer e a esquerda vai continuar, e eles v\u00e3o continuar se estruturando porque a esquerda n\u00e3o \u00e9, digamos assim, uma ideologia, ela \u00e9 um movimento \u2013 observou o jovem deputado.<\/p>\n<p>Fonte: Pleno News              <\/p>\n<\/div>\n<p><br \/>\n<br \/><a href=\"https:\/\/diariodobrasilnoticias.com.br\/noticia\/nikolas-ferreira-debocha-de-possivel-candidatura-de-janja-capacitada-67bdce389018c\">Source link <\/a><\/p>","protected":false},"excerpt":{"rendered":"<p>Em entrevista exclusiva concedida ao\u00a0Pleno.News\u00a0em Bras\u00edlia, o deputado federal Nikolas Ferreira (PL-MG) ironizou a hip\u00f3tese da primeira-dama Janja da Silva concorrer ao Pal\u00e1cio do Planalto, em 2026, caso o presidente&hellip;<\/p>","protected":false},"author":1,"featured_media":106478,"comment_status":"closed","ping_status":"open","sticky":false,"template":"","format":"standard","meta":{"content-type":"","footnotes":""},"categories":[16],"tags":[123,2448,5313,1267],"class_list":["post-106477","post","type-post","status-publish","format-standard","has-post-thumbnail","hentry","category-noticias","tag-brasil","tag-diario","tag-noticia","tag-noticias"],"_links":{"self":[{"href":"https:\/\/tvbrazilusa.com\/pt\/wp-json\/wp\/v2\/posts\/106477","targetHints":{"allow":["GET"]}}],"collection":[{"href":"https:\/\/tvbrazilusa.com\/pt\/wp-json\/wp\/v2\/posts"}],"about":[{"href":"https:\/\/tvbrazilusa.com\/pt\/wp-json\/wp\/v2\/types\/post"}],"author":[{"embeddable":true,"href":"https:\/\/tvbrazilusa.com\/pt\/wp-json\/wp\/v2\/users\/1"}],"replies":[{"embeddable":true,"href":"https:\/\/tvbrazilusa.com\/pt\/wp-json\/wp\/v2\/comments?post=106477"}],"version-history":[{"count":1,"href":"https:\/\/tvbrazilusa.com\/pt\/wp-json\/wp\/v2\/posts\/106477\/revisions"}],"predecessor-version":[{"id":106479,"href":"https:\/\/tvbrazilusa.com\/pt\/wp-json\/wp\/v2\/posts\/106477\/revisions\/106479"}],"wp:featuredmedia":[{"embeddable":true,"href":"https:\/\/tvbrazilusa.com\/pt\/wp-json\/wp\/v2\/media\/106478"}],"wp:attachment":[{"href":"https:\/\/tvbrazilusa.com\/pt\/wp-json\/wp\/v2\/media?parent=106477"}],"wp:term":[{"taxonomy":"category","embeddable":true,"href":"https:\/\/tvbrazilusa.com\/pt\/wp-json\/wp\/v2\/categories?post=106477"},{"taxonomy":"post_tag","embeddable":true,"href":"https:\/\/tvbrazilusa.com\/pt\/wp-json\/wp\/v2\/tags?post=106477"}],"curies":[{"name":"wp","href":"https:\/\/api.w.org\/{rel}","templated":true}]}}