{"id":106486,"date":"2025-02-25T15:19:39","date_gmt":"2025-02-25T15:19:39","guid":{"rendered":"https:\/\/tvbrazilusa.com\/2025\/02\/25\/para-reverter-a-impopularidade-lula-fara-pronunciamentos-na-tv-a-cada-quinze-dias\/"},"modified":"2025-02-25T15:19:40","modified_gmt":"2025-02-25T15:19:40","slug":"para-reverter-a-impopularidade-lula-fara-pronunciamentos-na-tv-a-cada-quinze-dias","status":"publish","type":"post","link":"https:\/\/tvbrazilusa.com\/pt\/2025\/02\/25\/para-reverter-a-impopularidade-lula-fara-pronunciamentos-na-tv-a-cada-quinze-dias\/","title":{"rendered":"Para reverter a impopularidade, Lula far\u00e1 pronunciamentos na TV a cada quinze dias"},"content":{"rendered":"<p> <script async src=\"https:\/\/pagead2.googlesyndication.com\/pagead\/js\/adsbygoogle.js?client=ca-pub-8864793242727901\"\r\n     crossorigin=\"anonymous\"><\/script><br \/>\n<\/p>\n<div id=\"taboola-read-more\" style=\"display:block; width:100%\">\n<p>O presidente Luiz In\u00e1cio Lula da Silva (PT) vai passar a fazer pronunciamentos curtos em rede nacional a cada 15 dias para destacar as principais a\u00e7\u00f5es do governo. O esquema faz parte do plano do novo chefe da Secretaria de Comunica\u00e7\u00e3o da Presid\u00eancia (Secom), Sid\u00f4nio Palmeira, para aumentar a popularidade do petista.\n<\/p>\n<p>Lula fez o primeiro pronunciamento estrat\u00e9gico nesta segunda-feira, 24. No discurso, que durou pouco mais de dois minutos, o presidente falou sobre duas apostas importantes de seu mandato: os programas Farm\u00e1cia Popular e P\u00e9-de-Meia.<\/p>\n<p>A decis\u00e3o ocorre em um momento de queda na popularidade do governo. Segundo uma pesquisa do Instituto Datafolha, divulgada em 14 de fevereiro, a aprova\u00e7\u00e3o do presidente caiu de 35% para 24% nos \u00faltimos dois meses, o n\u00edvel mais baixo nos tr\u00eas mandatos do petista.\n<\/p>\n<p>No Nordeste, principal reduto eleitoral do PT, a avalia\u00e7\u00e3o positiva de Lula recuou de 49% para 33%, a maior queda regional. A regi\u00e3o, que representa um quarto dos eleitores brasileiros, foi crucial para a vit\u00f3ria do petista em 2022.\n<\/p>\n<p>Al\u00e9m do discurso mais conciso, o petista adotou um tom mais informal e acess\u00edvel no pronunciamento desta segunda-feira, diferente das abordagens institucionais anteriores. A fala utilizou de linguagem mais popular, com momentos de descontra\u00e7\u00e3o, numa aparente tentativa de criar maior empatia e proximidade com o p\u00fablico.\n<\/p>\n<p>Lula afirmou, por exemplo, que os dois programas do governo formam uma dupla \u201cque n\u00e3o \u00e9 sertaneja, mas est\u00e1 mexendo com o Brasil\u201d. Em outro momento, ao falar sobre o P\u00e9-de-Meia, usou a express\u00e3o \u201colha que legal\u201d ao destacar um dado sobre o programa.\n<\/p>\n<p>O presidente n\u00e3o trouxe novos an\u00fancios sobre os projetos \u2014 a novidade relacionada ao Farm\u00e1cia Popular, por exemplo, j\u00e1 havia sido divulgada na semana anterior pela ministra da Sa\u00fade, N\u00edsia Trindade. Em vez disso, Lula utilizou o tempo para detalhar os programas e destacar benef\u00edcios para a popula\u00e7\u00e3o.\n<\/p>\n<p>\u201cUma dupla que n\u00e3o \u00e9 sertaneja, mas est\u00e1 mexendo com o Brasil: o P\u00e9-de-Meia e o novo Farm\u00e1cia Popular\u201d, disse. \u201c\u00c9 para os jovens brasileiros que trago a primeira boa not\u00edcia. O pagamento da poupan\u00e7a de R$ 1 mil do programa P\u00e9-de-Meia come\u00e7a amanh\u00e3 na conta e j\u00e1 rendendo. O valor ser\u00e1 destinado para quem passou de ano. J\u00e1 os estudantes que conclu\u00edram o ensino m\u00e9dio poder\u00e3o sacar a partir desta ter\u00e7a-feira.\u201d\n<\/p>\n<p>O presidente ressaltou que 90% dos jovens participantes do programa foram aprovados para o pr\u00f3ximo ano letivo. Destacou, ainda, que a iniciativa incentiva os estudantes a permanecerem na escola. Ele explicou que os alunos com frequ\u00eancia regular recebem R$ 200 por m\u00eas.\n<\/p>\n<p>\u201cSe fizer o Enem, ganha mais R$ 200, tamb\u00e9m, num valor total que pode chegar a R$ 9,2 mil\u201d, acrescentou.\n<\/p>\n<p>Em seguida, Lula detalhou as mudan\u00e7as no programa Farm\u00e1cia Popular, que j\u00e1 haviam sido divulgadas por N\u00edsia Trindade em um evento em Bras\u00edlia.\n<\/p>\n<p>\u201cA segunda not\u00edcia que quero compartilhar com voc\u00eas \u00e9 a gratuidade de 100% dos rem\u00e9dios do Farm\u00e1cia Popular\u201d, afirmou. \u201cAgora, todos os 41 medicamentos do programa ser\u00e3o de gra\u00e7a. Quem tem doen\u00e7as como diabetes, hipertens\u00e3o ou asma, vai poder tirar a sua medica\u00e7\u00e3o numa farm\u00e1cia conveniada.\u201d\n<\/p>\n<p>\u201cDepois de dois anos reconstruindo um pa\u00eds que estava destru\u00eddo, estamos trabalhando muito para trazer prosperidade para todos os brasileiros, especialmente para quem mais precisa\u201d, acrescentou. \u201cSeguimos ao lado de cada brasileiro e brasileira: para levantar, sacudir a poeira e dar a volta por cima.\u201d\n<\/p>\n<p>Tradicionalmente, pronunciamentos presidenciais em rede nacional s\u00e3o reservados para an\u00fancios emergenciais, medidas de grande impacto ou datas comemorativas, como o 7 de Setembro e o Natal. O \u00faltimo pronunciamento de Lula havia sido em 23 de dezembro.\n<\/p>\n<p><strong>Chefe da Secom muda estrat\u00e9gia de comunica\u00e7\u00e3o de Lula<\/strong><br \/>Durante a reuni\u00e3o ministerial de janeiro, Sid\u00f4nio Palmeira j\u00e1 havia sinalizado aos integrantes do governo que pretendia tornar a figura do presidente mais presente na comunica\u00e7\u00e3o oficial. Desde ent\u00e3o, Lula intensificou sua agenda de viagens e passou a conceder mais entrevistas.\n<\/p>\n<p>As apari\u00e7\u00f5es quinzenais do presidente seguem a sugest\u00e3o de Palmeira de tornar Lula o principal \u201cmotor\u201d da comunica\u00e7\u00e3o do governo. A ideia \u00e9 que os pronunciamentos sejam mais diretos e objetivos.\n<\/p>\n<p>Com essa estrat\u00e9gia, o governo quer garantir que Lula se comunique diretamente com o eleitor, sem intermedi\u00e1rios. O pr\u00f3prio presidente j\u00e1 expressou preocupa\u00e7\u00e3o de que as a\u00e7\u00f5es do governo n\u00e3o estejam chegando de forma clara \u00e0 popula\u00e7\u00e3o.\n<\/p>\n<p>Fonte: Revista Oeste              <\/p>\n<\/div>\n<p><br \/>\n<br \/><a href=\"https:\/\/diariodobrasilnoticias.com.br\/noticia\/para-reverter-a-impopularidade-lula-fara-pronunciamentos-na-tv-a-cada-quinze-dias-67bdbcf29d19c\">Source link <\/a><\/p>","protected":false},"excerpt":{"rendered":"<p>O presidente Luiz In\u00e1cio Lula da Silva (PT) vai passar a fazer pronunciamentos curtos em rede nacional a cada 15 dias para destacar as principais a\u00e7\u00f5es do governo. O esquema&hellip;<\/p>","protected":false},"author":1,"featured_media":106487,"comment_status":"closed","ping_status":"open","sticky":false,"template":"","format":"standard","meta":{"content-type":"","footnotes":""},"categories":[16],"tags":[123,2448,5313,1267],"class_list":["post-106486","post","type-post","status-publish","format-standard","has-post-thumbnail","hentry","category-noticias","tag-brasil","tag-diario","tag-noticia","tag-noticias"],"_links":{"self":[{"href":"https:\/\/tvbrazilusa.com\/pt\/wp-json\/wp\/v2\/posts\/106486","targetHints":{"allow":["GET"]}}],"collection":[{"href":"https:\/\/tvbrazilusa.com\/pt\/wp-json\/wp\/v2\/posts"}],"about":[{"href":"https:\/\/tvbrazilusa.com\/pt\/wp-json\/wp\/v2\/types\/post"}],"author":[{"embeddable":true,"href":"https:\/\/tvbrazilusa.com\/pt\/wp-json\/wp\/v2\/users\/1"}],"replies":[{"embeddable":true,"href":"https:\/\/tvbrazilusa.com\/pt\/wp-json\/wp\/v2\/comments?post=106486"}],"version-history":[{"count":1,"href":"https:\/\/tvbrazilusa.com\/pt\/wp-json\/wp\/v2\/posts\/106486\/revisions"}],"predecessor-version":[{"id":106488,"href":"https:\/\/tvbrazilusa.com\/pt\/wp-json\/wp\/v2\/posts\/106486\/revisions\/106488"}],"wp:featuredmedia":[{"embeddable":true,"href":"https:\/\/tvbrazilusa.com\/pt\/wp-json\/wp\/v2\/media\/106487"}],"wp:attachment":[{"href":"https:\/\/tvbrazilusa.com\/pt\/wp-json\/wp\/v2\/media?parent=106486"}],"wp:term":[{"taxonomy":"category","embeddable":true,"href":"https:\/\/tvbrazilusa.com\/pt\/wp-json\/wp\/v2\/categories?post=106486"},{"taxonomy":"post_tag","embeddable":true,"href":"https:\/\/tvbrazilusa.com\/pt\/wp-json\/wp\/v2\/tags?post=106486"}],"curies":[{"name":"wp","href":"https:\/\/api.w.org\/{rel}","templated":true}]}}