{"id":106502,"date":"2025-02-25T16:15:57","date_gmt":"2025-02-25T16:15:57","guid":{"rendered":"https:\/\/tvbrazilusa.com\/2025\/02\/25\/aviao-de-ludmilla-faz-pouso-de-emergencia-e-cantora-se-desespera\/"},"modified":"2025-02-25T16:15:58","modified_gmt":"2025-02-25T16:15:58","slug":"aviao-de-ludmilla-faz-pouso-de-emergencia-e-cantora-se-desespera","status":"publish","type":"post","link":"https:\/\/tvbrazilusa.com\/pt\/2025\/02\/25\/aviao-de-ludmilla-faz-pouso-de-emergencia-e-cantora-se-desespera\/","title":{"rendered":"Avi\u00e3o de Ludmilla faz pouso de emerg\u00eancia e cantora se desespera"},"content":{"rendered":"<p> <script async src=\"https:\/\/pagead2.googlesyndication.com\/pagead\/js\/adsbygoogle.js?client=ca-pub-8864793242727901\"\r\n     crossorigin=\"anonymous\"><\/script><br \/>\n<\/p>\n<div id=\"taboola-read-more\" style=\"display:block; width:100%\">\n<p>Ludmilla passou por um susto nesta segunda-feira (24). A cantora estava a bordo de um avi\u00e3o que fazia o trajeto do Rio de Janeiro para S\u00e3o Paulo, onde Lud compareceria ao evento de futebol Kings League, mas precisou retornar ao local de origem depois que a aeronave apresentou uma falha t\u00e9cnica.\n<\/p>\n<p>\u201cA gente est\u00e1 fazendo um pouso de emerg\u00eancia agora, meu Deus. Estava a caminho do evento da Kings League em S\u00e3o Paulo, mas deu uma falha t\u00e9cnica no avi\u00e3o e a gente est\u00e1 tendo que pousar e agora voltando para o Rio de Janeiro\u2026 N\u00e3o passa WiFi, gente\u201d, declarou.<\/p>\n<p>Por fim, ela mostrou que j\u00e1 estava em solo e, ap\u00f3s o pouso, mostrou-se bastante aliviada com a situa\u00e7\u00e3o. \u201cPousamos, am\u00e9m. Menina, que frio na barriga doido\u201d, descreveu, ao mostrar uma foto da aeronave.<\/p>\n<article id=\"artigo-texto\" class=\"blog-article\">\n<div id=\"artigo-texto-content\">\n<p>Com informa\u00e7\u00f5es de Metr\u00f3poles\n<\/p>\n<\/div>\n<\/article>\n<section id=\"whats-banner2\"\/>\n<\/div>\n<p><br \/>\n<br \/><a href=\"https:\/\/diariodobrasilnoticias.com.br\/noticia\/aviao-de-ludmilla-faz-pouso-de-emergencia-e-cantora-se-desespera-67bdcc78ddbc1\">Source link <\/a><\/p>","protected":false},"excerpt":{"rendered":"<p>Ludmilla passou por um susto nesta segunda-feira (24). A cantora estava a bordo de um avi\u00e3o que fazia o trajeto do Rio de Janeiro para S\u00e3o Paulo, onde Lud compareceria&hellip;<\/p>","protected":false},"author":1,"featured_media":106503,"comment_status":"closed","ping_status":"open","sticky":false,"template":"","format":"standard","meta":{"content-type":"","footnotes":""},"categories":[16],"tags":[123,2448,5313,1267],"class_list":["post-106502","post","type-post","status-publish","format-standard","has-post-thumbnail","hentry","category-noticias","tag-brasil","tag-diario","tag-noticia","tag-noticias"],"_links":{"self":[{"href":"https:\/\/tvbrazilusa.com\/pt\/wp-json\/wp\/v2\/posts\/106502","targetHints":{"allow":["GET"]}}],"collection":[{"href":"https:\/\/tvbrazilusa.com\/pt\/wp-json\/wp\/v2\/posts"}],"about":[{"href":"https:\/\/tvbrazilusa.com\/pt\/wp-json\/wp\/v2\/types\/post"}],"author":[{"embeddable":true,"href":"https:\/\/tvbrazilusa.com\/pt\/wp-json\/wp\/v2\/users\/1"}],"replies":[{"embeddable":true,"href":"https:\/\/tvbrazilusa.com\/pt\/wp-json\/wp\/v2\/comments?post=106502"}],"version-history":[{"count":1,"href":"https:\/\/tvbrazilusa.com\/pt\/wp-json\/wp\/v2\/posts\/106502\/revisions"}],"predecessor-version":[{"id":106504,"href":"https:\/\/tvbrazilusa.com\/pt\/wp-json\/wp\/v2\/posts\/106502\/revisions\/106504"}],"wp:featuredmedia":[{"embeddable":true,"href":"https:\/\/tvbrazilusa.com\/pt\/wp-json\/wp\/v2\/media\/106503"}],"wp:attachment":[{"href":"https:\/\/tvbrazilusa.com\/pt\/wp-json\/wp\/v2\/media?parent=106502"}],"wp:term":[{"taxonomy":"category","embeddable":true,"href":"https:\/\/tvbrazilusa.com\/pt\/wp-json\/wp\/v2\/categories?post=106502"},{"taxonomy":"post_tag","embeddable":true,"href":"https:\/\/tvbrazilusa.com\/pt\/wp-json\/wp\/v2\/tags?post=106502"}],"curies":[{"name":"wp","href":"https:\/\/api.w.org\/{rel}","templated":true}]}}