{"id":106508,"date":"2025-02-25T16:44:13","date_gmt":"2025-02-25T16:44:13","guid":{"rendered":"https:\/\/tvbrazilusa.com\/2025\/02\/25\/justica-nega-acao-de-bolsonaro-contra-boulos-por-ligacao-com-o-caso-marielle-franco\/"},"modified":"2025-02-25T16:44:14","modified_gmt":"2025-02-25T16:44:14","slug":"justica-nega-acao-de-bolsonaro-contra-boulos-por-ligacao-com-o-caso-marielle-franco","status":"publish","type":"post","link":"https:\/\/tvbrazilusa.com\/pt\/2025\/02\/25\/justica-nega-acao-de-bolsonaro-contra-boulos-por-ligacao-com-o-caso-marielle-franco\/","title":{"rendered":"Justi\u00e7a nega a\u00e7\u00e3o de Bolsonaro contra Boulos por liga\u00e7\u00e3o com o caso Marielle Franco"},"content":{"rendered":"<p> <script async src=\"https:\/\/pagead2.googlesyndication.com\/pagead\/js\/adsbygoogle.js?client=ca-pub-8864793242727901\"\r\n     crossorigin=\"anonymous\"><\/script><br \/>\n<\/p>\n<div id=\"taboola-read-more\" style=\"display:block; width:100%\">\n<p>A Justi\u00e7a Federal do DF rejeitou uma a\u00e7\u00e3o movida pelo ex-presidente Jair Bolsonaro contra o deputado federal Guilherme Boulos (Psol-SP), na \u00faltima quinta-feira, 20. O liberal solicitava uma indeniza\u00e7\u00e3o de R$ 50 mil por danos morais, sob a alega\u00e7\u00e3o de que o psolista o associou ao assassinato da vereadora Marielle Franco, ocorrido em 2018, no Rio de Janeiro.\n<\/p>\n<p>Na a\u00e7\u00e3o, Bolsonaro afirmou que Boulos insinuou sua participa\u00e7\u00e3o no crime, em publica\u00e7\u00f5es na rede social X e em uma entrevista \u00e0 CNN Brasil, em 2023. A defesa do ex-presidente, que ainda pode recorrer da decis\u00e3o, argumentou que tais declara\u00e7\u00f5es eram \u201cila\u00e7\u00f5es\u201d e \u201cacusa\u00e7\u00f5es\u201d infundadas.<\/p>\n<p>\u201cO que levaria Bolsonaro, se n\u00e3o tivesse nada a esconder em rela\u00e7\u00e3o ao assassinato da Marielle Franco, a colocar sob sigilo telegramas do Itamaraty que tratam do caso Marielle?\u201d, afirmou Boulos, \u00e0 emissora. \u201cQuem deve teme! O Bolsonaro fugiu para Orlando, a gente sabe muito bem porque fugiu para Orlando.\u201d\n<\/p>\n<p>Em 2018, a vereadora Marielle Franco e o motorista Anderson Gomes foram mortos a tiros em um atentado.\n<\/p>\n<p>Decis\u00e3o sobre a a\u00e7\u00e3o de Bolsonaro contra Boulos\n<\/p>\n<p>O juiz J\u00falio C\u00e9sar L\u00e9rias Ribeiro, do 6\u00ba Juizado Especial C\u00edvel de Bras\u00edlia, considerou que os fatos j\u00e1 estavam prescritos. Ele ainda destacou que Boulos tem a prote\u00e7\u00e3o da imunidade parlamentar, dispositivo que garante que suas declara\u00e7\u00f5es fa\u00e7am parte do debate pol\u00edtico.\n<\/p>\n<p>Segundo o jurista, \u201cquer se queira, ou n\u00e3o se queira, isso faz parte do debate pol\u00edtico democr\u00e1tico e est\u00e1 resguardado pela liberdade de express\u00e3o, garantida constitucionalmente\u201d.\n<\/p>\n<p>O magistrado tamb\u00e9m ressaltou que as declara\u00e7\u00f5es de Boulos estavam inseridas no contexto de sua atua\u00e7\u00e3o pol\u00edtica. As falas ocorreram em suas redes sociais, usadas para divulgar suas atividades parlamentares.\n<\/p>\n<p>Nesta segunda-feira, 24, Boulos comemorou a decis\u00e3o nas redes sociais, onde afirmou que Bolsonaro \u201cn\u00e3o conseguiu censur\u00e1-lo\u201d.\n<\/p>\n<p>\u201cO miliciano Bolsonaro n\u00e3o gostou de ter sido associado ao assassinato de Marielle Franco e entrou na Justi\u00e7a para nos censurar\u201d, escreveu o parlamentar, no X. \u201cN\u00e3o conseguiu. Marielle presente!\u201d<\/p>\n<p>Fonte: Revista Oeste              <\/p>\n<\/div>\n<p><br \/>\n<br \/><a href=\"https:\/\/diariodobrasilnoticias.com.br\/noticia\/justica-nega-acao-de-bolsonaro-contra-boulos-por-ligacao-com-o-caso-marielle-franco-67bdeff842dbe\">Source link <\/a><\/p>","protected":false},"excerpt":{"rendered":"<p>A Justi\u00e7a Federal do DF rejeitou uma a\u00e7\u00e3o movida pelo ex-presidente Jair Bolsonaro contra o deputado federal Guilherme Boulos (Psol-SP), na \u00faltima quinta-feira, 20. O liberal solicitava uma indeniza\u00e7\u00e3o de&hellip;<\/p>","protected":false},"author":1,"featured_media":106509,"comment_status":"closed","ping_status":"open","sticky":false,"template":"","format":"standard","meta":{"content-type":"","footnotes":""},"categories":[16],"tags":[123,2448,5313,1267],"class_list":["post-106508","post","type-post","status-publish","format-standard","has-post-thumbnail","hentry","category-noticias","tag-brasil","tag-diario","tag-noticia","tag-noticias"],"_links":{"self":[{"href":"https:\/\/tvbrazilusa.com\/pt\/wp-json\/wp\/v2\/posts\/106508","targetHints":{"allow":["GET"]}}],"collection":[{"href":"https:\/\/tvbrazilusa.com\/pt\/wp-json\/wp\/v2\/posts"}],"about":[{"href":"https:\/\/tvbrazilusa.com\/pt\/wp-json\/wp\/v2\/types\/post"}],"author":[{"embeddable":true,"href":"https:\/\/tvbrazilusa.com\/pt\/wp-json\/wp\/v2\/users\/1"}],"replies":[{"embeddable":true,"href":"https:\/\/tvbrazilusa.com\/pt\/wp-json\/wp\/v2\/comments?post=106508"}],"version-history":[{"count":1,"href":"https:\/\/tvbrazilusa.com\/pt\/wp-json\/wp\/v2\/posts\/106508\/revisions"}],"predecessor-version":[{"id":106510,"href":"https:\/\/tvbrazilusa.com\/pt\/wp-json\/wp\/v2\/posts\/106508\/revisions\/106510"}],"wp:featuredmedia":[{"embeddable":true,"href":"https:\/\/tvbrazilusa.com\/pt\/wp-json\/wp\/v2\/media\/106509"}],"wp:attachment":[{"href":"https:\/\/tvbrazilusa.com\/pt\/wp-json\/wp\/v2\/media?parent=106508"}],"wp:term":[{"taxonomy":"category","embeddable":true,"href":"https:\/\/tvbrazilusa.com\/pt\/wp-json\/wp\/v2\/categories?post=106508"},{"taxonomy":"post_tag","embeddable":true,"href":"https:\/\/tvbrazilusa.com\/pt\/wp-json\/wp\/v2\/tags?post=106508"}],"curies":[{"name":"wp","href":"https:\/\/api.w.org\/{rel}","templated":true}]}}