{"id":10656,"date":"2024-07-28T15:31:05","date_gmt":"2024-07-28T15:31:05","guid":{"rendered":"https:\/\/tvbrazilusa.com\/2024\/07\/28\/o-ditador-maduro-volta-a-criticar-tse-se-incomodou-com-a-verdade-paulo-figueiredo\/"},"modified":"2024-07-28T15:34:10","modified_gmt":"2024-07-28T15:34:10","slug":"o-ditador-maduro-volta-a-criticar-tse-se-incomodou-com-a-verdade-paulo-figueiredo","status":"publish","type":"post","link":"https:\/\/tvbrazilusa.com\/pt\/2024\/07\/28\/o-ditador-maduro-volta-a-criticar-tse-se-incomodou-com-a-verdade-paulo-figueiredo\/","title":{"rendered":"O ditador Maduro volta a criticar TSE: \u201cse incomodou com a verdade\u201d &#8211; Paulo Figueiredo"},"content":{"rendered":"<p> <script async src=\"https:\/\/pagead2.googlesyndication.com\/pagead\/js\/adsbygoogle.js?client=ca-pub-8864793242727901\"\r\n     crossorigin=\"anonymous\"><\/script><br \/>\n<\/p>\n<div id=\"wtr-content\" data-bg=\"#FFFFFF\" data-fg=\"#006d91\" data-width=\"25\" data-mute=\"1\" data-fgopacity=\"1.00\" data-mutedopacity=\"0.5\" data-placement=\"bottom\" data-placement-offset=\"0\" data-content-offset=\"262\" data-placement-touch=\"bottom\" data-placement-offset-touch=\"0\" data-transparent=\"\" data-shadow=\"0\" data-touch=\"1\" data-non-touch=\"1\" data-comments=\"0\" data-commentsbg=\"transparent\" data-location=\"page\" data-mutedfg=\"#006d91\" data-endfg=\"#006d91\" data-rtl=\"\">\n<pre><span style=\"font-size: revert; color: initial;\">Foto: Reprodu\u00e7\u00e3o\/13\/4\/2024 REUTERS\/Leonardo Fernandez Viloria.<\/span><\/pre>\n<div>\n<p>No \u00faltimo s\u00e1bado, 27 de janeiro de 2024, Nicol\u00e1s Maduro provocou uma nova onda de debates ao afirmar que o <strong>Tribunal Superior Eleitoral (TSE)<\/strong> do Brasil ficou irritado com o que ele chamou de \u201cvers\u00e3o deturpada\u201d de suas declara\u00e7\u00f5es sobre sistemas de vota\u00e7\u00e3o em diversos pa\u00edses ao redor do globo.<\/p>\n<p>Durante uma reuni\u00e3o ocorrida as pressas no final da tarde de ontem, Maduro recebeu o corpo diplom\u00e1tico e reiterou sua posi\u00e7\u00e3o de que o sistema eleitoral de seu pa\u00eds \u00e9 o mais seguro do mundo. Ainda que a presen\u00e7a da embaixadora brasileira n\u00e3o tenha sido confirmada, o tema tomou relev\u00e2ncia nas discuss\u00f5es.<\/p>\n<p>O ditador destacou a exist\u00eancia de dezesseis auditorias no processo, uma cifra que considerou inigual\u00e1vel em qualquer outro lugar. \u201cOnde fazem 16 auditorias? Em nenhum lugar\u201d, desafiou o presidente venezuelano.<\/p>\n<p>Na sequ\u00eancia de suas declara\u00e7\u00f5es, Maduro lamentou o que chamou de mal-entendidos e vers\u00f5es distorcidas sobre seus coment\u00e1rios anteriores a respeito do sistema eleitoral brasileiro. Ele argumentou que sua fala verdadeira foi mal interpretada e criticou a repercuss\u00e3o no Brasil.<\/p>\n<h3 class=\"wp-block-heading\">Papel de Celso Amorim na visita \u00e0 Venezuela<\/h3>\n<p class=\"wp-block-heading\">O assessor especial da presid\u00eancia brasileira para assuntos internacionais, Celso Amorim, est\u00e1 em Caracas para acompanhar o processo eleitoral. Amorim chegou na sexta-feira, 26 de janeiro, e rapidamente se encontrou com o chanceler venezuelano Yv\u00e1n Gil, descrevendo o encontro como \u201ccordial\u201d.<\/p>\n<ul class=\"wp-block-list\">\n<li>Amorim se reuniu com Jorge Rodr\u00edguez, presidente do Legislativo venezuelano e chefe da campanha de Maduro. Rodr\u00edguez, um dos principais nomes do chavismo, est\u00e1 fortemente envolvido com o governo e a comunidade internacional.<\/li>\n<li>O assessor tamb\u00e9m encontrou Gerardo Blyde, chefe dos negociadores da oposi\u00e7\u00e3o venezuelana para a assinatura do Acordo de Barbados que ocorreu no final do ano passado.<\/li>\n<li>Outro compromisso na agenda foi um encontro com integrantes do Centro Carter, organiza\u00e7\u00e3o fundada pelo ex-presidente americano Jimmy Carter.<\/li>\n<\/ul>\n<p>Al\u00e9m dos encontros citados, Celso Amorim tamb\u00e9m se reuniu com figuras como Jos\u00e9 Luis Zapatero, ex-primeiro ministro da Espanha, e Leonel Fern\u00e1ndez, ex-presidente da Rep\u00fablica Dominicana.<\/p>\n<p>Com declara\u00e7\u00f5es pol\u00eamicas, disputas diplom\u00e1ticas, as elei\u00e7\u00f5es na Venezuela ganham ainda mais visibilidade e relev\u00e2ncia internacional, especialmente para o Brasil e o Tribunal Superior Eleitoral.<\/p>\n<\/div>\n<p><a href=\"https:\/\/terrabrasilnoticias.com\/2024\/07\/as-vesperas-da-eleicao-venezuelana-maduro-volta-a-criticar-tse-se-incomodou-com-a-verdade\/\">Source link <\/a><\/p>\n<\/div>\n<p><br \/>\n<br \/><a href=\"https:\/\/paulofigueiredoshow.com\/o-ditador-maduro-volta-a-criticar-tse-se-incomodou-com-a-verdade\/\">Source link <\/a><\/p>","protected":false},"excerpt":{"rendered":"<p>Foto: Reprodu\u00e7\u00e3o\/13\/4\/2024 REUTERS\/Leonardo Fernandez Viloria. No \u00faltimo s\u00e1bado, 27 de janeiro de 2024, Nicol\u00e1s Maduro provocou uma nova onda de debates ao afirmar que o Tribunal Superior Eleitoral (TSE) do&hellip;<\/p>","protected":false},"author":1,"featured_media":10657,"comment_status":"closed","ping_status":"open","sticky":false,"template":"","format":"standard","meta":{"content-type":"","footnotes":""},"categories":[16],"tags":[3464,3465,3071,3466,1590,1593,3467,165,3468,861],"class_list":["post-10656","post","type-post","status-publish","format-standard","has-post-thumbnail","hentry","category-noticias","tag-as","tag-criticar","tag-eleicao","tag-incomodou","tag-maduro","tag-tse","tag-venezuelana","tag-verdade","tag-vesperas","tag-volta"],"_links":{"self":[{"href":"https:\/\/tvbrazilusa.com\/pt\/wp-json\/wp\/v2\/posts\/10656","targetHints":{"allow":["GET"]}}],"collection":[{"href":"https:\/\/tvbrazilusa.com\/pt\/wp-json\/wp\/v2\/posts"}],"about":[{"href":"https:\/\/tvbrazilusa.com\/pt\/wp-json\/wp\/v2\/types\/post"}],"author":[{"embeddable":true,"href":"https:\/\/tvbrazilusa.com\/pt\/wp-json\/wp\/v2\/users\/1"}],"replies":[{"embeddable":true,"href":"https:\/\/tvbrazilusa.com\/pt\/wp-json\/wp\/v2\/comments?post=10656"}],"version-history":[{"count":1,"href":"https:\/\/tvbrazilusa.com\/pt\/wp-json\/wp\/v2\/posts\/10656\/revisions"}],"predecessor-version":[{"id":10658,"href":"https:\/\/tvbrazilusa.com\/pt\/wp-json\/wp\/v2\/posts\/10656\/revisions\/10658"}],"wp:featuredmedia":[{"embeddable":true,"href":"https:\/\/tvbrazilusa.com\/pt\/wp-json\/wp\/v2\/media\/10657"}],"wp:attachment":[{"href":"https:\/\/tvbrazilusa.com\/pt\/wp-json\/wp\/v2\/media?parent=10656"}],"wp:term":[{"taxonomy":"category","embeddable":true,"href":"https:\/\/tvbrazilusa.com\/pt\/wp-json\/wp\/v2\/categories?post=10656"},{"taxonomy":"post_tag","embeddable":true,"href":"https:\/\/tvbrazilusa.com\/pt\/wp-json\/wp\/v2\/tags?post=10656"}],"curies":[{"name":"wp","href":"https:\/\/api.w.org\/{rel}","templated":true}]}}