{"id":106611,"date":"2025-02-26T04:13:16","date_gmt":"2025-02-26T04:13:16","guid":{"rendered":"https:\/\/tvbrazilusa.com\/2025\/02\/26\/a-policia-estadual-reprimiu-o-furto-organizado-em-lojas\/"},"modified":"2025-02-26T04:32:54","modified_gmt":"2025-02-26T04:32:54","slug":"a-policia-estadual-reprimiu-o-furto-organizado-em-lojas","status":"publish","type":"post","link":"https:\/\/tvbrazilusa.com\/pt\/2025\/02\/26\/a-policia-estadual-reprimiu-o-furto-organizado-em-lojas\/","title":{"rendered":"A pol\u00edcia estadual reprimiu o furto organizado em lojas"},"content":{"rendered":"<script async src=\"https:\/\/pagead2.googlesyndication.com\/pagead\/js\/adsbygoogle.js?client=ca-pub-8864793242727901\"\r\n     crossorigin=\"anonymous\"><\/script>\n<p>Connecticut (WTNH) &#8211; O furto organizado est\u00e1 acontecendo em todo o Connecticut.<\/p>\n<p>&#8220;\u00c9 muito triste. Conversei com v\u00e1rios propriet\u00e1rios e conversei com v\u00e1rios empres\u00e1rios e \u00e9 realmente triste quando n\u00e3o h\u00e1 nada que eles possam fazer pessoas apenas pegando coisas&#8221;, disse Marianna Khrenova.<\/p>\n<div class=\"nlp-ignore-block article-content rich-text\">\n<aside class=\"promo-link\">\n\t<a href=\"https:\/\/www.wtnh.com\/news\/connecticut\/new-haven\/meriden-woman-accused-of-stealing-merchandise-with-juvenile-in-stop-shop-had-loaded-gun\/?ipid=promo-link-block1\" class=\"promo-link__link\" target=\"\"_blank\"\"><\/p>\n<p>\t\tMulher Meriden acusada de roubar mercadorias com juvenil em Stop &#038; Shop havia carregado a arma\t<\/a><br \/>\n<\/aside>\n<\/div>\n<p>Uma ex -caixa de uma loja de farm\u00e1cias da cadeia disse que n\u00e3o tinha permiss\u00e3o para persegui -las ou question\u00e1 -las porque era um passivo e um problema de seguran\u00e7a.<\/p>\n<p>&#8220;Eu costumava trabalhar no invent\u00e1rio, por isso, se era como uma pequena quantidade, eles esperam que uma certa quantidade desaparecesse ou o que quer que algo acontecesse, ele se perdeu, mas se \u00e9 como chegar ao ponto em que est\u00e1 come\u00e7ando a afetar meus lucros e Minhas perdas &#8220;, disse Von Lewis, de West Hartford.<\/p>\n<p>Muitas lojas usam arm\u00e1rios de vidro trancados para travar tudo, desde medicamentos a sabonetes. Joe Viola disse que foi para Razors e deixou de m\u00e3os vazias.<\/p>\n<p>&#8220;Eu preciso de um Gillette Razors. Eles estavam em uma grande caixa de bloqueio. Eu os trago para a fila e estou dizendo que isso \u00e9 algo que pode sair rapidamente? Acabei de ficar desanimado e disse que diabos&#8221;, disse Viola &#8220;, disse Viola&#8221; .<\/p>\n<p>O comiss\u00e1rio de pol\u00edcia estadual Ronnell Higgins conversou com a Dennis House nesta semana em Connecticut, dizendo que o furto em lojas estava no topo da lista de prioridades.<\/p>\n<p>&#8220;Estamos muito focados no crime de varejo organizado no momento e conversando com o coronel da equipe do BSI Bureau of Special Investigations que eles s\u00e3o focados em roubo de varejo organizado&#8221;, disse Higgins.<\/p>\n<p>Assista ao v\u00eddeo completo no player acima.<\/p>\n<p><br \/>\n<br \/><a href=\"https:\/\/www.wtnh.com\/news\/connecticut\/state-police-cracking-down-on-organized-shoplifting\/\">Source link <\/a><\/p>","protected":false},"excerpt":{"rendered":"<p>Connecticut (WTNH) &#8211; O furto organizado est\u00e1 acontecendo em todo o Connecticut. &#8220;\u00c9 muito triste. Conversei com v\u00e1rios propriet\u00e1rios e conversei com v\u00e1rios empres\u00e1rios e \u00e9 realmente triste quando n\u00e3o&hellip;<\/p>","protected":false},"author":1,"featured_media":106612,"comment_status":"closed","ping_status":"open","sticky":false,"template":"","format":"standard","meta":{"content-type":"","footnotes":""},"categories":[1],"tags":[],"class_list":["post-106611","post","type-post","status-publish","format-standard","has-post-thumbnail","hentry","category-uncategorized"],"_links":{"self":[{"href":"https:\/\/tvbrazilusa.com\/pt\/wp-json\/wp\/v2\/posts\/106611","targetHints":{"allow":["GET"]}}],"collection":[{"href":"https:\/\/tvbrazilusa.com\/pt\/wp-json\/wp\/v2\/posts"}],"about":[{"href":"https:\/\/tvbrazilusa.com\/pt\/wp-json\/wp\/v2\/types\/post"}],"author":[{"embeddable":true,"href":"https:\/\/tvbrazilusa.com\/pt\/wp-json\/wp\/v2\/users\/1"}],"replies":[{"embeddable":true,"href":"https:\/\/tvbrazilusa.com\/pt\/wp-json\/wp\/v2\/comments?post=106611"}],"version-history":[{"count":1,"href":"https:\/\/tvbrazilusa.com\/pt\/wp-json\/wp\/v2\/posts\/106611\/revisions"}],"predecessor-version":[{"id":106613,"href":"https:\/\/tvbrazilusa.com\/pt\/wp-json\/wp\/v2\/posts\/106611\/revisions\/106613"}],"wp:featuredmedia":[{"embeddable":true,"href":"https:\/\/tvbrazilusa.com\/pt\/wp-json\/wp\/v2\/media\/106612"}],"wp:attachment":[{"href":"https:\/\/tvbrazilusa.com\/pt\/wp-json\/wp\/v2\/media?parent=106611"}],"wp:term":[{"taxonomy":"category","embeddable":true,"href":"https:\/\/tvbrazilusa.com\/pt\/wp-json\/wp\/v2\/categories?post=106611"},{"taxonomy":"post_tag","embeddable":true,"href":"https:\/\/tvbrazilusa.com\/pt\/wp-json\/wp\/v2\/tags?post=106611"}],"curies":[{"name":"wp","href":"https:\/\/api.w.org\/{rel}","templated":true}]}}