{"id":106655,"date":"2025-02-26T10:31:36","date_gmt":"2025-02-26T10:31:36","guid":{"rendered":"https:\/\/tvbrazilusa.com\/2025\/02\/26\/tarcisio-critica-denuncia-da-pgr-contra-bolsonaro-forcacao-de-barra\/"},"modified":"2025-02-26T10:31:40","modified_gmt":"2025-02-26T10:31:40","slug":"tarcisio-critica-denuncia-da-pgr-contra-bolsonaro-forcacao-de-barra","status":"publish","type":"post","link":"https:\/\/tvbrazilusa.com\/pt\/2025\/02\/26\/tarcisio-critica-denuncia-da-pgr-contra-bolsonaro-forcacao-de-barra\/","title":{"rendered":"Tarc\u00edsio critica den\u00fancia da PGR contra Bolsonaro: &#8216;For\u00e7a\u00e7\u00e3o de barra&#8217;"},"content":{"rendered":"<p> <script async src=\"https:\/\/pagead2.googlesyndication.com\/pagead\/js\/adsbygoogle.js?client=ca-pub-8864793242727901\"\r\n     crossorigin=\"anonymous\"><\/script><br \/>\n<\/p>\n<div id=\"taboola-read-more\" style=\"display:block; width:100%\">\n<p>O governador de S\u00e3o Paulo, Tarc\u00edsio de Freitas (Republicanos), manifestou cr\u00edticas \u00e0 den\u00fancia apresentada pela Procuradoria-Geral da Rep\u00fablica (PGR) contra o ex-presidente Jair Bolsonaro (PL), acusado de planejar um golpe de Estado.\n<\/p>\n<p>Tarc\u00edsio classificou a a\u00e7\u00e3o como uma \u201cfor\u00e7a\u00e7\u00e3o de barra\u201d e exemplo de \u201crevanchismo\u201d. A declara\u00e7\u00e3o foi feita durante a inaugura\u00e7\u00e3o de uma pra\u00e7a em Mogi das Cruzes, na regi\u00e3o metropolitana de S\u00e3o Paulo.<\/p>\n<p>\u201cN\u00e3o faz sentido nenhum, \u00e9 uma for\u00e7a\u00e7\u00e3o de barra, o que voc\u00ea tem hoje \u00e9 uma quest\u00e3o de revanchismo\u201d, disse o governador.\n<\/p>\n<p>Ele destacou que, depois de ouvir os \u00e1udios obtidos pela Pol\u00edcia Federal, n\u00e3o encontrou qualquer conex\u00e3o concreta nas acusa\u00e7\u00f5es contra Bolsonaro.\n<\/p>\n<p>\u2018Est\u00e3o tentando responsabilizar pessoas que n\u00e3o t\u00eam responsabilidade\u2019, diz Tarc\u00edsio, sobre den\u00fancia contra Bolsonaro\n<\/p>\n<p>Tarc\u00edsio alertou sobre o risco de responsabilizar pessoas sem evid\u00eancias s\u00f3lidas.\n<\/p>\n<p>\u201cEst\u00e1 se criando uma maneira de responsabilizar pessoas que n\u00e3o t\u00eam responsabilidade\u201d, afirmou. \u201cA gente n\u00e3o pode partir para esse tipo de vulgariza\u00e7\u00e3o, isso \u00e9 perigoso, isso cabe para o inimigo p\u00fablico n\u00famero um hoje, vai caber para o inimigo n\u00famero um de amanh\u00e3.\u201d\n<\/p>\n<p>At\u00e9 ent\u00e3o, ele havia abordado o tema apenas em suas redes sociais. Na quinta-feira 20, Tarc\u00edsio defendeu Bolsonaro no Instagram, afirmando que ele nunca se envolveu com qualquer movimento antidemocr\u00e1tico.\n<\/p>\n<p>Durante o governo Bolsonaro, o governador do Estado de S\u00e3o Paulo foi ministro da Infraestrutura.\n<\/p>\n<p>PGR acusa ex-presidente de crimes que nem a PF sustentou em indiciamento<br \/>O procurador-geral da Rep\u00fablica, Paulo Gonet, na den\u00fancia contra Jair Bolsonaro, acusa o ex-presidente de crimes que nem mesmo a Pol\u00edcia Federal sustentou em seu relat\u00f3rio de investiga\u00e7\u00e3o sobre a suposta tentativa de golpe, em 2022, quando Bolsonaro ainda era presidente.\n<\/p>\n<p>A Procuradoria-Geral da Rep\u00fablica, \u00f3rg\u00e3o encarregado da acusa\u00e7\u00e3o, responsabiliza o ex-presidente por dano ao patrim\u00f4nio da Uni\u00e3o e deteriora\u00e7\u00e3o de bens tombados ao citar os atos de 8 de janeiro de 2023, crimes n\u00e3o atribu\u00eddos a Bolsonaro pela PF.\n<\/p>\n<p>O documento da PGR tamb\u00e9m sustenta, com base em ind\u00edcios fr\u00e1geis e sem comprova\u00e7\u00e3o, que Bolsonaro teria aprovado um plano para assassinar Lula, Geraldo Alckmin e Alexandre de Moraes.\n<\/p>\n<p>Gonet solicita a fixa\u00e7\u00e3o de um valor m\u00ednimo para repara\u00e7\u00e3o dos danos causados pelos envolvidos, incluindo o ex-presidente.\n<\/p>\n<p>O relat\u00f3rio da Pol\u00edcia Federal n\u00e3o incluiu a acusa\u00e7\u00e3o relativa ao 8 de janeiro no indiciamento de Bolsonaro, embora estabele\u00e7a conex\u00e3o entre os atos e o ex-mandat\u00e1rio. No documento final tamb\u00e9m n\u00e3o h\u00e1 men\u00e7\u00e3o a um suposto aval de Bolsonaro ao plano de assassinato.\n<\/p>\n<p>Fonte: Revista Oeste              <\/p>\n<\/div>\n<p><br \/>\n<br \/><a href=\"https:\/\/diariodobrasilnoticias.com.br\/noticia\/tarcisio-critica-denuncia-da-pgr-contra-bolsonaro-forcacao-de-barra-67be3ea1c83f6\">Source link <\/a><\/p>","protected":false},"excerpt":{"rendered":"<p>O governador de S\u00e3o Paulo, Tarc\u00edsio de Freitas (Republicanos), manifestou cr\u00edticas \u00e0 den\u00fancia apresentada pela Procuradoria-Geral da Rep\u00fablica (PGR) contra o ex-presidente Jair Bolsonaro (PL), acusado de planejar um golpe&hellip;<\/p>","protected":false},"author":1,"featured_media":106656,"comment_status":"closed","ping_status":"open","sticky":false,"template":"","format":"standard","meta":{"content-type":"","footnotes":""},"categories":[16],"tags":[123,2448,5313,1267],"class_list":["post-106655","post","type-post","status-publish","format-standard","has-post-thumbnail","hentry","category-noticias","tag-brasil","tag-diario","tag-noticia","tag-noticias"],"_links":{"self":[{"href":"https:\/\/tvbrazilusa.com\/pt\/wp-json\/wp\/v2\/posts\/106655","targetHints":{"allow":["GET"]}}],"collection":[{"href":"https:\/\/tvbrazilusa.com\/pt\/wp-json\/wp\/v2\/posts"}],"about":[{"href":"https:\/\/tvbrazilusa.com\/pt\/wp-json\/wp\/v2\/types\/post"}],"author":[{"embeddable":true,"href":"https:\/\/tvbrazilusa.com\/pt\/wp-json\/wp\/v2\/users\/1"}],"replies":[{"embeddable":true,"href":"https:\/\/tvbrazilusa.com\/pt\/wp-json\/wp\/v2\/comments?post=106655"}],"version-history":[{"count":1,"href":"https:\/\/tvbrazilusa.com\/pt\/wp-json\/wp\/v2\/posts\/106655\/revisions"}],"predecessor-version":[{"id":106657,"href":"https:\/\/tvbrazilusa.com\/pt\/wp-json\/wp\/v2\/posts\/106655\/revisions\/106657"}],"wp:featuredmedia":[{"embeddable":true,"href":"https:\/\/tvbrazilusa.com\/pt\/wp-json\/wp\/v2\/media\/106656"}],"wp:attachment":[{"href":"https:\/\/tvbrazilusa.com\/pt\/wp-json\/wp\/v2\/media?parent=106655"}],"wp:term":[{"taxonomy":"category","embeddable":true,"href":"https:\/\/tvbrazilusa.com\/pt\/wp-json\/wp\/v2\/categories?post=106655"},{"taxonomy":"post_tag","embeddable":true,"href":"https:\/\/tvbrazilusa.com\/pt\/wp-json\/wp\/v2\/tags?post=106655"}],"curies":[{"name":"wp","href":"https:\/\/api.w.org\/{rel}","templated":true}]}}