{"id":106661,"date":"2025-02-26T11:03:31","date_gmt":"2025-02-26T11:03:31","guid":{"rendered":"https:\/\/tvbrazilusa.com\/2025\/02\/26\/guimaraes-esta-sendo-cogitado-para-o-cargo-de-secretario-de-relacoes-institucionais\/"},"modified":"2025-02-26T11:03:33","modified_gmt":"2025-02-26T11:03:33","slug":"guimaraes-esta-sendo-cogitado-para-o-cargo-de-secretario-de-relacoes-institucionais","status":"publish","type":"post","link":"https:\/\/tvbrazilusa.com\/pt\/2025\/02\/26\/guimaraes-esta-sendo-cogitado-para-o-cargo-de-secretario-de-relacoes-institucionais\/","title":{"rendered":"Guimar\u00e3es est\u00e1 sendo cogitado para o cargo de Secret\u00e1rio de Rela\u00e7\u00f5es Institucionais"},"content":{"rendered":"<p> <script async src=\"https:\/\/pagead2.googlesyndication.com\/pagead\/js\/adsbygoogle.js?client=ca-pub-8864793242727901\"\r\n     crossorigin=\"anonymous\"><\/script><br \/>\n<\/p>\n<div id=\"taboola-read-more\" style=\"display:block; width:100%\">\n<p>O presidente Luiz Ina\u0301cio Lula da Silva (PT) anunciou, nesta terc\u0327a-feira (25), duas mudanc\u0327as ministeriais. Com a substitui\u00e7\u00e3o de Ni\u0301sia Trindade por Alexandre Padilha no Ministe\u0301rio da Sau\u0301de, o deputado federal Jose\u0301 Guimara\u0303es (PT-CE), ex-li\u0301der do governo na Ca\u0302mara, \u00e9 o mais cotado para assumir a Secretaria de Relac\u0327o\u0303es Institucionais.\n<\/p>\n<p>Guimara\u0303es \u00e9 o preferido de Lula para cuidar do relacionamento do governo com o Congresso Nacional, pasta que, comandada por Padilha, vinha sofrendo criticas de lideranc\u0327as dos partidos de centro do Legislativo.<\/p>\n<p>Caso seja confirmado na SRI, o deputado Isnaldo Bulh\u00f5es (MDB-AL) deve assumir o posto de l\u00edder do governo.\n<\/p>\n<p>Demiss\u00e3o de N\u00edsia<br \/>No cargo desde o ini\u0301cio do governo, Ni\u0301sia vinha enfrentando presso\u0303es para imprimir um vie\u0301s mais poli\u0301tico a\u0300 pasta e concretizar entregas consideradas priorita\u0301rias por Lula.\n<\/p>\n<p>As cobranc\u0327as se intensificaram, a partir do in\u00edcio do ano, em diversas reunio\u0303es fechadas entre a ministra e o presidente, no Pala\u0301cio do Planalto.\n<\/p>\n<p>O entorno de Ni\u0301sia chegou a reclamar do \u201cabandono\u201d das mulheres do governo e do PT na defesa de sua permane\u0302ncia a\u0300 frente da pasta, segundo apurou a CNN.\n<\/p>\n<p>Primeira mulher a chefiar o Ministe\u0301rio da Sau\u0301de, Ni\u0301sia foi anunciada por Lula ainda na transic\u0327a\u0303o de governo, em dezembro de 2022. Anteriormente, ela havia presidido a Fundac\u0327a\u0303o Oswaldo Cruz (Fiocruz).\n<\/p>\n<p>Na instituic\u0327a\u0303o, Ni\u0301sia coordenou as ac\u0327o\u0303es de enfrentamento a\u0300 pandemia de Covid-19 no Brasil, ale\u0301m de criar o \u201cObservato\u0301rio Covid-19\u201d, uma iniciativa com o objetivo de monitorar e divulgar informac\u0327o\u0303es e noti\u0301cias sobre a pandemia e seus impactos no pai\u0301s.\n<\/p>\n<p>Na avaliac\u0327a\u0303o de auxiliares do governo, Padilha assume com o desafio de reverter o crescimento dos casos de dengue, com uma distribuic\u0327a\u0303o maior de vacinas contra a doenc\u0327a.\n<\/p>\n<p>Em 2024, o pai\u0301s teve um crescimento no nu\u0301mero de mortes da doenc\u0327a e, neste me\u0302s, Sa\u0303o Paulo decretou estado de emerge\u0302ncia por causa do aumento dos diagno\u0301sticos.\n<\/p>\n<p>Padilha tambe\u0301m precisara\u0301 melhorar o dia\u0301logo com governadores de oposic\u0327a\u0303o. A reclamac\u0327a\u0303o e\u0301 de que, com perfil te\u0301cnico, Ni\u0301sia na\u0303o conseguiu abrir canais de comunicac\u0327a\u0303o com os gestores estaduais.\n<\/p>\n<p>Fonte: CNN Brasil              <\/p>\n<\/div>\n<p><br \/>\n<br \/><a href=\"https:\/\/diariodobrasilnoticias.com.br\/noticia\/guimaraes-esta-sendo-cogitado-para-o-cargo-de-secretario-de-relacoes-institucionais-67be411d55ffa\">Source link <\/a><\/p>","protected":false},"excerpt":{"rendered":"<p>O presidente Luiz Ina\u0301cio Lula da Silva (PT) anunciou, nesta terc\u0327a-feira (25), duas mudanc\u0327as ministeriais. Com a substitui\u00e7\u00e3o de Ni\u0301sia Trindade por Alexandre Padilha no Ministe\u0301rio da Sau\u0301de, o deputado&hellip;<\/p>","protected":false},"author":1,"featured_media":106662,"comment_status":"closed","ping_status":"open","sticky":false,"template":"","format":"standard","meta":{"content-type":"","footnotes":""},"categories":[16],"tags":[123,2448,5313,1267],"class_list":["post-106661","post","type-post","status-publish","format-standard","has-post-thumbnail","hentry","category-noticias","tag-brasil","tag-diario","tag-noticia","tag-noticias"],"_links":{"self":[{"href":"https:\/\/tvbrazilusa.com\/pt\/wp-json\/wp\/v2\/posts\/106661","targetHints":{"allow":["GET"]}}],"collection":[{"href":"https:\/\/tvbrazilusa.com\/pt\/wp-json\/wp\/v2\/posts"}],"about":[{"href":"https:\/\/tvbrazilusa.com\/pt\/wp-json\/wp\/v2\/types\/post"}],"author":[{"embeddable":true,"href":"https:\/\/tvbrazilusa.com\/pt\/wp-json\/wp\/v2\/users\/1"}],"replies":[{"embeddable":true,"href":"https:\/\/tvbrazilusa.com\/pt\/wp-json\/wp\/v2\/comments?post=106661"}],"version-history":[{"count":1,"href":"https:\/\/tvbrazilusa.com\/pt\/wp-json\/wp\/v2\/posts\/106661\/revisions"}],"predecessor-version":[{"id":106663,"href":"https:\/\/tvbrazilusa.com\/pt\/wp-json\/wp\/v2\/posts\/106661\/revisions\/106663"}],"wp:featuredmedia":[{"embeddable":true,"href":"https:\/\/tvbrazilusa.com\/pt\/wp-json\/wp\/v2\/media\/106662"}],"wp:attachment":[{"href":"https:\/\/tvbrazilusa.com\/pt\/wp-json\/wp\/v2\/media?parent=106661"}],"wp:term":[{"taxonomy":"category","embeddable":true,"href":"https:\/\/tvbrazilusa.com\/pt\/wp-json\/wp\/v2\/categories?post=106661"},{"taxonomy":"post_tag","embeddable":true,"href":"https:\/\/tvbrazilusa.com\/pt\/wp-json\/wp\/v2\/tags?post=106661"}],"curies":[{"name":"wp","href":"https:\/\/api.w.org\/{rel}","templated":true}]}}