{"id":106667,"date":"2025-02-26T11:29:41","date_gmt":"2025-02-26T11:29:41","guid":{"rendered":"https:\/\/tvbrazilusa.com\/2025\/02\/26\/aluno-expulso-do-curso-de-direito-da-usp-se-pronuncia-perseguicao-politica\/"},"modified":"2025-02-26T11:29:42","modified_gmt":"2025-02-26T11:29:42","slug":"aluno-expulso-do-curso-de-direito-da-usp-se-pronuncia-perseguicao-politica","status":"publish","type":"post","link":"https:\/\/tvbrazilusa.com\/pt\/2025\/02\/26\/aluno-expulso-do-curso-de-direito-da-usp-se-pronuncia-perseguicao-politica\/","title":{"rendered":"Aluno expulso do curso de Direito da USP se pronuncia: &#8216;persegui\u00e7\u00e3o pol\u00edtica&#8217;"},"content":{"rendered":"<p> <script async src=\"https:\/\/pagead2.googlesyndication.com\/pagead\/js\/adsbygoogle.js?client=ca-pub-8864793242727901\"\r\n     crossorigin=\"anonymous\"><\/script><br \/>\n<\/p>\n<div id=\"taboola-read-more\" style=\"display:block; width:100%\">\n<p>Conhecido como \u201cestudante de direita\u201d desde seu ingresso na Universidade de S\u00e3o Paulo (USP), em 2020, o aluno Victor Henrique Ahlf Gomes afirma que foi expulso da institui\u00e7\u00e3o no final da gradua\u00e7\u00e3o por \u201cpersegui\u00e7\u00e3o pol\u00edtica\u201d. O paulista de 22 anos concluiu o curso de Direito com alto desempenho acad\u00eamico \u2014 m\u00e9dia geral 9,1 \u2014 e nota m\u00e1xima no Trabalho de Conclus\u00e3o de Curso (TCC). No entanto, afirma que enfrentou um Processo Administrativo Disciplinar (PAD) com \u201cvi\u00e9s pol\u00edtico\u201d que o expulsou da institui\u00e7\u00e3o e o proibiu de se formar.\n<\/p>\n<p>\u201cEntendo desproporcional a expuls\u00e3o do aluno\u201d, apontou pela rede X a professora de Direito Penal na USP, Janaina Paschoal. \u201cTodos os cr\u00e9ditos cumpridos, notas altas, n\u00e3o poder colar grau? N\u00e3o se tratasse de um aluno abertamente de direita, o esp\u00edrito de concilia\u00e7\u00e3o teria falado mais alto\u201d, continuou a jurista.<\/p>\n<p>O professor Jos\u00e9 Mauricio Conti, de Direito Financeiro na USP, tamb\u00e9m se manifestou no espa\u00e7o de coment\u00e1rios da postagem. \u201cParticipei do julgamento e analisei todas as provas. Uma decis\u00e3o absurda e profundamente lament\u00e1vel\u201d, escreveu o docente, caracterizando o caso como \u201cvergonhoso\u201d.\n<\/p>\n<p>\u00c0 Gazeta do Povo, Conti explicou que faz parte da comiss\u00e3o deliberativa da Faculdade de Direito \u2014 composta por professores, servidores e ex-alunos \u2014 e, por isso, teve acesso a todo o processo. \u201cN\u00e3o h\u00e1 nada que pudesse ser transportado para o mundo acad\u00eamico para justificar essa decis\u00e3o\u201d, garantiu o especialista, ao apontar que \u201cas provas s\u00e3o extremamente fr\u00e1geis\u201d e que \u201ca vers\u00e3o do estudante \u00e9 coerente e sempre foi a mesma\u201d.\n<\/p>\n<p>De acordo com o professor, o PAD foi aberto pela institui\u00e7\u00e3o ap\u00f3s uma desaven\u00e7a do rapaz com a namorada, em 2022, quando o jovem fez uma reclama\u00e7\u00e3o contra a garota na Ouvidoria da Faculdade de Direito, onde ela tamb\u00e9m estudava. Ap\u00f3s alega\u00e7\u00f5es de defesa da mo\u00e7a, no entanto, a diretoria inverteu a den\u00fancia, abrindo procedimento administrativo contra Victor.\n<\/p>\n<p>\u201cO caso est\u00e1 em sigilo, mas reportagens publicadas nos \u00faltimos dias mostraram que as acusa\u00e7\u00f5es tratam de situa\u00e7\u00e3o equivalente a ass\u00e9dio sexual e importuna\u00e7\u00e3o durante trabalhos escolares, e nada disso foi comprovado\u201d, garante o professor. \u201cQuem analisou as provas, e isso posso afirmar com absoluta seguran\u00e7a, sabe que s\u00e3o extremamente fracas, a come\u00e7ar pela palavra da v\u00edtima, que d\u00e1 depoimentos divergentes.\u201d\n<\/p>\n<p>Victor explica o que aconteceu entre ele e a ex-namorada<br \/>Em entrevista \u00e0 Gazeta do Povo, Victor diz que namorou a garota durante nove meses no in\u00edcio do curso de Direito, em 2021, \u00e9poca da pandemia de Covid-19. Depois disso, terminaram o relacionamento, mas mantiveram contato. Ent\u00e3o, em abril de 2022, decidiram voltar e combinaram um passeio.\n<\/p>\n<p>De acordo com Victor, o encontro ocorreu em uma sexta-feira a noite, quando buscou a garota na casa de uma amiga para irem ao shopping. \u201cJantamos, nos beijamos e decidimos reatar o namoro\u201d, conta, ao citar que trocaram mensagens nos dias seguintes e se viram na segunda-feira, durante a aula. \u201cTentei conversar, mas ela deu a entender que n\u00e3o queria.\u201d\n<\/p>\n<p>Victor descobriu, ent\u00e3o, que alunos comentavam a respeito de seu encontro. \u201cSoube por um amigo que estavam falando que eu a teria for\u00e7ado a sair comigo, mas mostrei para ele que t\u00ednhamos conversado antes\u201d, conta o rapaz, explicando que havia combinado o passeio com a garota durante a manh\u00e3 de sexta-feira, pessoalmente. \u201cUm amigo nos viu juntos no Sal\u00e3o Nobre da faculdade e testemunhou isso no processo.\u201d\n<\/p>\n<p>A Gazeta do Povo teve acesso \u00e0 transcri\u00e7\u00e3o dos depoimentos, que seguem em sigilo. Segundo esse colega, Victor e a ex-namorada se encontraram \u201cem aparente e total reaproxima\u00e7\u00e3o\u201d, com abra\u00e7os e troca de carinhos. \u201cParecia que tinham reatado plenamente\u201d, disse. Outra testemunha afirmou que a pr\u00f3pria v\u00edtima contou que \u201ctinha chamado o Victor para ir ao shopping\u201d porque ainda gostava dele.\n<\/p>\n<p>No entanto, rumores de que o encontro teria sido for\u00e7ado continuaram nos dias seguintes, inclusive com afirma\u00e7\u00e3o de que a ex-namorada estaria com um bra\u00e7o roxo devido a um suposto \u201cpux\u00e3o\u201d dado por Victor ao tentar conversar com ela em sala de aula. \u201cIsso n\u00e3o aconteceu\u201d, alega o rapaz. \u201cTem depoimentos de pessoas no PAD que estavam ao nosso redor na sala e confirmam\u201d, continua.\n<\/p>\n<p>De acordo com as testemunhas, Victor sentou atr\u00e1s da jovem para cham\u00e1-la para conversar durante a aula de segunda-feira pela manh\u00e3, mas a mo\u00e7a n\u00e3o gostou, levantou da cadeira e saiu da sala. \u201cN\u00e3o vi o Victor puxar a Sophia pelo bra\u00e7o\u201d, relatou um amigo da garota. Outra amiga da jovem tamb\u00e9m nega ter visto qualquer sinal de agress\u00e3o.\n<\/p>\n<p>Mesmo assim, o rapaz relata que os coment\u00e1rios sobre a o \u201csuposto roxo\u201d continuaram na universidade, assim como acusa\u00e7\u00f5es de que ele teria trancado a garota em seu carro no final do encontro da sexta-feira \u00e0 noite, a obrigando a permanecer no local.\n<\/p>\n<p>No entanto, a pr\u00f3pria v\u00edtima afirmou, em um de seus depoimentos no PAD, que saiu com o ex-namorado voluntariamente. \u201cEntrei no carro porque eu quis\u201d, disse. \u201cEu fui jantar com ele porque eu quis\u201d, continuou.\n<\/p>\n<p>Victor, ent\u00e3o, ficou preocupado com as vers\u00f5es que ouviu pela faculdade e decidiu abrir uma reclama\u00e7\u00e3o. \u201cS\u00f3 que fizeram pouco caso da acusa\u00e7\u00e3o ser de um homem contra uma mulher, e vi que teria que resolver na Justi\u00e7a\u201d, narrou o estudante, que abriu processo contra a mo\u00e7a por cal\u00fania e difama\u00e7\u00e3o. Ele retirou o processo nos meses seguintes, mas relata que precisou enfrentar um processo administrativo por conta disso. \u201cCome\u00e7ou a persegui\u00e7\u00e3o pol\u00edtica.\u201d\n<\/p>\n<p>Victor afirma que o PAD foi usado para reprimir \u201copini\u00f5es de direita\u201d<br \/>Victor passou a responder a um Processo Administrativo Disciplinar, foi privado de frequentar as aulas no final de 2022 e precisou mudar de turno, sem contato com a ex-namorada \u2014 fato confirmado pelas testemunhas.\n<\/p>\n<p>Al\u00e9m disso, conta que v\u00e1rios amigos passaram a ser questionados sobre poss\u00edveis atitudes preconceituosas dele dentro ou fora da USP. \u201cA t\u00f4nica do PAD foi procurar na minha vida pessoal opini\u00f5es que, para eles, seriam consideradas homof\u00f3bicas, racistas, etc.\u201d, pontuou o estudante, comentando que foi questionado, inclusive, a respeito de cotas raciais e nazismo.\n<\/p>\n<p>\u201cTeve at\u00e9 um depoimento em que a testemunha fala que eu sempre repudiei o nazismo por eu ser de direita, inclusive por eu achar o nazismo t\u00e3o ruim como o comunismo\u201d, revela.\n<\/p>\n<p>A Gazeta do Povo conversou com esse colega, que afirma ter ficado surpreso com o tom da comiss\u00e3o. \u201cMe perguntaram at\u00e9 se o acusado nunca tinha feito coment\u00e1rios machistas ou que objetificavam mulheres em contextos descontra\u00eddos como um bar\u201d, relatou Jo\u00e3o*. \u201cE quando falei \u2018n\u00e3o, nunca\u2019\u201d, o professor retrucou, dizendo que n\u00e3o era poss\u00edvel n\u00e3o ter nenhum coment\u00e1rio em um boteco, tomando uma cervejinha com os amigos.\u201d\n<\/p>\n<p>Al\u00e9m de revelar que julgadores manifestavam descren\u00e7a em seu depoimento, o colega denuncia que foi coagido durante testemunho. \u201cApresentaram uma conversa [de WhatsApp] que eles consideraram racista\u201d, e \u201ctentando fazer com que a interpreta\u00e7\u00e3o deles fosse prova cabal de racismo, disseram que eu estava mentindo\u201d.\n<\/p>\n<p>Jo\u00e3o*, que \u00e9 negro, garantiu que o tom da conversa pela rede social n\u00e3o era racista, at\u00e9 porque ele jamais teria amizade com algu\u00e9m que o fizesse, mas foi acusado de falso testemunho. \u201cMe amea\u00e7aram de encaminhamento de of\u00edcio para a pol\u00edcia porque eu tinha cometido um crime e que, se eu n\u00e3o me retratasse, estaria suscept\u00edvel a ser preso\u201d.\n<\/p>\n<p>\u201cTeve at\u00e9 um depoimento em que a testemunha fala que eu sempre repudiei o nazismo por eu ser de direita, inclusive por eu achar o nazismo t\u00e3o ruim como o comunismo\u201d, revela.\n<\/p>\n<p>Victor Henrique Ahlf Gomes, estudante de Direito na USP<br \/>Segundo Victor, o print apresentado seria parte de uma conversa de WhatsApp em tom de brincadeira porque ele e alguns amigos de vi\u00e9s pol\u00edtico conservador sofriam coment\u00e1rios preconceituosos na faculdade em rela\u00e7\u00e3o a pessoas de direita serem \u201cnazistas, fascistas e outras \u2018istas\u2019\u201d. Ent\u00e3o, brincavam com esses \u201ct\u00edtulos\u201d na tentativa de enfrentar o preconceito de forma mais leve. \u201cEra uma forma ir\u00f4nica de se referir a mim, que tenho sobrenome alem\u00e3o, mas usado completamente fora de contexto.\u201d\n<\/p>\n<p>PAD n\u00e3o poderia ser aberto por quest\u00f5es fora da universidade<br \/>Ainda de acordo com Victor, mensagens como essa que n\u00e3o tinham rela\u00e7\u00e3o com a ex-namorada, obtidas de forma il\u00edcita e que se referem a fatos externos ao ambiente acad\u00eamico nem deveriam ser analisadas no PAD, mesmo se tratasse realmente de crime.\n<\/p>\n<p>\u201cN\u00e3o podem ser julgadas, no \u00e2mbito administrativo, condutas ocorridas fora do ambiente f\u00edsico da faculdade\u201d, apontou o estudante, ao citar como exemplo o caso de uma ex-aluna de Medicina da USP condenada na justi\u00e7a ano passado por desviar quase R$ 1 milh\u00e3o destinados \u00e0 formatura da turma.\n<\/p>\n<p>Em nota, a Faculdade de Medicina da Universidade de S\u00e3o Paulo (FMUSP) informa que \u201ca ocorr\u00eancia mencionada \u00e9 de natureza externa \u00e0 institui\u00e7\u00e3o\u201d e que \u201ca situa\u00e7\u00e3o foi analisada pela Comiss\u00e3o de \u00c9tica da USP, em conformidade com as normas e procedimentos internos\u201d.\n<\/p>\n<p>Apesar de a jovem ter sido condenada na Justi\u00e7a a cinco anos de reclus\u00e3o, ela n\u00e3o foi alvo de procedimento administrativo, conseguiu se formar em Medicina e, segundo reportagem da CNN, obteve este ano registro profissional como m\u00e9dica ativa no Conselho Federal de Medicina (CFM).\n<\/p>\n<p>\u201cO que fizeram com o Victor foi imperdo\u00e1vel\u201d, afirma advogada de defesa<br \/>Ent\u00e3o, \u201co que fizeram com o Victor foi imperdo\u00e1vel\u201d, afirma a advogada Alessandra Falken Parmiggiani. Segundo ela, o manual de procedimento disciplinar da universidade n\u00e3o foi seguido, e o PAD deixou claro que \u201cn\u00e3o h\u00e1 nenhuma prova que condene o r\u00e9u\u201d.\n<\/p>\n<p>Por isso, ela informa que Victor entrou na Justi\u00e7a para solicitar nulidade do processo, e uma liminar chegou a ser publicada quatro dias antes da formatura para que ele participasse com sua turma, ainda que sofresse amea\u00e7as no grupo da formatura, caso aparecesse no evento\u00a0\n<\/p>\n<p>Faculdade de Direito agendou reuni\u00e3o para reavaliar o caso<br \/>Enquanto o processo tramita na Justi\u00e7a, uma reuni\u00e3o da Comiss\u00e3o da Faculdade de Direito da USP foi marcada para a pr\u00f3xima quinta-feira (27) a fim de analisar novamente o caso do aluno Victor Henrique Ahlf Gomes, em poss\u00edvel ju\u00edzo de retrata\u00e7\u00e3o. A convoca\u00e7\u00e3o foi enviada aos professores, servidores e ex-alunos da comiss\u00e3o na semana passada\n<\/p>\n<p>De acordo com o professor Mauricio Conti, \u00e9 \u201coportunidade de rever a decis\u00e3o de forma mais imparcial e isenta\u201d, j\u00e1 que no dia do julgamento, alunos se manifestavam na porta do local coagindo professores a votarem contra o estudante. \u201cE o aluno \u00e9 claramente inocente.\u201d\n<\/p>\n<p>Segundo a Pr\u00f3-Reitoria de Gradua\u00e7\u00e3o da USP, \u201cos processos administrativos disciplinares s\u00e3o conduzidos por comiss\u00f5es formadas\u201d, ent\u00e3o a Reitoria \u201cn\u00e3o tem acesso ao andamento\u201d. A universidade tamb\u00e9m informou n\u00e3o dispor de dados sobre outras expuls\u00f5es que j\u00e1 ocorreram na institui\u00e7\u00e3o para que as penaliza\u00e7\u00f5es fossem comparadas.\n<\/p>\n<p>A Gazeta do Povo tentou contatar a ex-namorada de Victor, mas n\u00e3o obteve resposta. O espa\u00e7o continua aberto para manifesta\u00e7\u00f5es.\n<\/p>\n<p>Jo\u00e3o* preferiu manter seu nome em sigilo; ele foi testemunha de defesa no Processo Administrativo aberto pela Faculdade de Direito contra seu amigo Victor.\n<\/p>\n<p>Fonte: Gazeta do Povo              <\/p>\n<\/div>\n<p><br \/>\n<br \/><a href=\"https:\/\/diariodobrasilnoticias.com.br\/noticia\/aluno-expulso-do-curso-de-direito-da-usp-se-pronuncia-perseguicao-politica-67be44370439c\">Source link <\/a><\/p>","protected":false},"excerpt":{"rendered":"<p>Conhecido como \u201cestudante de direita\u201d desde seu ingresso na Universidade de S\u00e3o Paulo (USP), em 2020, o aluno Victor Henrique Ahlf Gomes afirma que foi expulso da institui\u00e7\u00e3o no final&hellip;<\/p>","protected":false},"author":1,"featured_media":106668,"comment_status":"closed","ping_status":"open","sticky":false,"template":"","format":"standard","meta":{"content-type":"","footnotes":""},"categories":[16],"tags":[123,2448,5313,1267],"class_list":["post-106667","post","type-post","status-publish","format-standard","has-post-thumbnail","hentry","category-noticias","tag-brasil","tag-diario","tag-noticia","tag-noticias"],"_links":{"self":[{"href":"https:\/\/tvbrazilusa.com\/pt\/wp-json\/wp\/v2\/posts\/106667","targetHints":{"allow":["GET"]}}],"collection":[{"href":"https:\/\/tvbrazilusa.com\/pt\/wp-json\/wp\/v2\/posts"}],"about":[{"href":"https:\/\/tvbrazilusa.com\/pt\/wp-json\/wp\/v2\/types\/post"}],"author":[{"embeddable":true,"href":"https:\/\/tvbrazilusa.com\/pt\/wp-json\/wp\/v2\/users\/1"}],"replies":[{"embeddable":true,"href":"https:\/\/tvbrazilusa.com\/pt\/wp-json\/wp\/v2\/comments?post=106667"}],"version-history":[{"count":1,"href":"https:\/\/tvbrazilusa.com\/pt\/wp-json\/wp\/v2\/posts\/106667\/revisions"}],"predecessor-version":[{"id":106669,"href":"https:\/\/tvbrazilusa.com\/pt\/wp-json\/wp\/v2\/posts\/106667\/revisions\/106669"}],"wp:featuredmedia":[{"embeddable":true,"href":"https:\/\/tvbrazilusa.com\/pt\/wp-json\/wp\/v2\/media\/106668"}],"wp:attachment":[{"href":"https:\/\/tvbrazilusa.com\/pt\/wp-json\/wp\/v2\/media?parent=106667"}],"wp:term":[{"taxonomy":"category","embeddable":true,"href":"https:\/\/tvbrazilusa.com\/pt\/wp-json\/wp\/v2\/categories?post=106667"},{"taxonomy":"post_tag","embeddable":true,"href":"https:\/\/tvbrazilusa.com\/pt\/wp-json\/wp\/v2\/tags?post=106667"}],"curies":[{"name":"wp","href":"https:\/\/api.w.org\/{rel}","templated":true}]}}