{"id":106679,"date":"2025-02-26T12:28:51","date_gmt":"2025-02-26T12:28:51","guid":{"rendered":"https:\/\/tvbrazilusa.com\/2025\/02\/26\/milei-recebe-o-titulo-de-economista-do-ano-pela-ordem-dos-economistas-do-brasil\/"},"modified":"2025-02-26T12:28:55","modified_gmt":"2025-02-26T12:28:55","slug":"milei-recebe-o-titulo-de-economista-do-ano-pela-ordem-dos-economistas-do-brasil","status":"publish","type":"post","link":"https:\/\/tvbrazilusa.com\/pt\/2025\/02\/26\/milei-recebe-o-titulo-de-economista-do-ano-pela-ordem-dos-economistas-do-brasil\/","title":{"rendered":"Milei recebe o t\u00edtulo de Economista do Ano pela Ordem dos Economistas do Brasil."},"content":{"rendered":"<p> <script async src=\"https:\/\/pagead2.googlesyndication.com\/pagead\/js\/adsbygoogle.js?client=ca-pub-8864793242727901\"\r\n     crossorigin=\"anonymous\"><\/script><br \/>\n<\/p>\n<div id=\"taboola-read-more\" style=\"display:block; width:100%\">\n<p>A Ordem dos Economistas do Brasil (OEB) anunciou oficialmente a elei\u00e7\u00e3o do presidente da Argentina, Javier Milei, como Economista do Ano de 2025 nesta ter\u00e7a-feira, 25. A premia\u00e7\u00e3o, que ocorre anualmente desde 1959, busca reconhecer profissionais que valorizam e dignificam a imagem da profiss\u00e3o.\n<\/p>\n<p>A OEB enfatizou que a escolha de Milei foi un\u00e2nime entre os membros da Diretiva e do Conselho Superior da entidade. Segundo a organiza\u00e7\u00e3o, a decis\u00e3o foi motivada pela atua\u00e7\u00e3o do presidente argentino nas \u00e1reas de pol\u00edtica monet\u00e1ria e regula\u00e7\u00e3o, bem como pela implementa\u00e7\u00e3o de medidas cruciais para a estabiliza\u00e7\u00e3o da economia do pa\u00eds.<\/p>\n<p>Em comunicado oficial, a entidade destacou que \u201ca elei\u00e7\u00e3o n\u00e3o poderia ter sido mais acertada\u201d, pois Milei tem demonstrado \u201csabedoria e determina\u00e7\u00e3o\u201d na condu\u00e7\u00e3o econ\u00f4mica do pa\u00eds. De acordo com a OEB, seu trabalho tem sido fundamental para guiar a Argentina \u201cem momentos de incerteza e volatilidade nos mercados\u201d.\n<\/p>\n<p>Na carta enviada ao presidente argentino, assinada pelo prof. dr. Manuel Enr\u00edquez Garc\u00eda, presidente da OEB, a entidade demonstrou sua satisfa\u00e7\u00e3o com a escolha: \u201cA OEB felicita o colega economista, convencida de que Vossa Excel\u00eancia aceitar\u00e1 o t\u00edtulo como um reconhecimento por tudo o que tem feito pelo engrandecimento da na\u00e7\u00e3o argentina\u201d.\n<\/p>\n<\/p>\n<p>O Pr\u00eamio Economista do Ano \u00e9 um programa cont\u00ednuo de reconhecimento dos profissionais da \u00e1rea. \u201cPodem ser indicados para concorrer ao pr\u00eamio os profissionais que se destacam pela sua contribui\u00e7\u00e3o para fortalecer o desenvolvimento econ\u00f4mico do pa\u00eds e para promover a reflex\u00e3o cr\u00edtica sobre a complexidade da sociedade\u201d, ressalta a OEB.\n<\/p>\n<p>Entre os laureados ao longo dos anos, destacam-se Roberto Campos, Delfim Netto, M\u00e1rio Henrique Simonsen, Gustavo Franco, Jos\u00e9 Roberto Mendon\u00e7a de Barros, Arm\u00ednio Fraga, Aloizio Mercadante, P\u00e9rsio Arida, Eduardo Giannetti da Fonseca e Andr\u00e9 Lara Resende.\n<\/p>\n<p><strong>Com Milei, Argentina tem super\u00e1vit recorde de quase US$ 19 bilh\u00f5es<\/strong><br \/>Os avan\u00e7os econ\u00f4micos do governo Milei s\u00e3o incontest\u00e1veis. Dados oficiais divulgados em janeiro revelam que a Argentina alcan\u00e7ou um super\u00e1vit comercial recorde de US$ 18,9 bilh\u00f5es em 2024, resultado que supera o antigo recorde de US$ 16,89 bilh\u00f5es, em 2009.\n<\/p>\n<p>No m\u00eas de dezembro, o super\u00e1vit comercial foi de US$ 1,67 bilh\u00e3o e completou 13 meses consecutivos em que as exporta\u00e7\u00f5es superaram as importa\u00e7\u00f5es. O resultado foi significativamente maior do que os US$ 921 milh\u00f5es previstos por uma pesquisa da ag\u00eancia internacional de not\u00edcias Reuters.\n<\/p>\n<p>Desde que assumiu o cargo, no final de 2023, Milei concentrou-se em aumentar as exporta\u00e7\u00f5es de gr\u00e3os e energia. Al\u00e9m disso, o presidente tamb\u00e9m dedicou-se a reduzir os gastos p\u00fablicos, com o objetivo de conter a infla\u00e7\u00e3o.\n<\/p>\n<p>As exporta\u00e7\u00f5es em 2024 no pa\u00eds totalizaram quase US$ 80 bilh\u00f5es, impulsionadas pela agricultura e pela pecu\u00e1ria, enquanto as importa\u00e7\u00f5es foram de aproximadamente US$ 61 bilh\u00f5es. O Brasil foi o principal destino das exporta\u00e7\u00f5es argentinas e representou 17% do total, seguido por Estados Unidos e Chile.\n<\/p>\n<p>Al\u00e9m disso, em dezembro, a infla\u00e7\u00e3o oficial da Argentina foi de 2,7%. A desacelera\u00e7\u00e3o da infla\u00e7\u00e3o, que chegava a 300% no governo esquerdista de Alberto Fern\u00e1ndez, come\u00e7ou ainda nos primeiros meses de Javier Milei, que tomou posse em dezembro de 2023.\n<\/p>\n<p>Desde ent\u00e3o, ele adotou medidas para melhorar a economia, deteriorada pelo peronismo. Segundo o Instituto Nacional de Estat\u00edstica e Censos, a infla\u00e7\u00e3o anual est\u00e1 em 117,8%.\n<\/p>\n<p>Fonte: Revista Oeste              <\/p>\n<\/div>\n<p><br \/>\n<br \/><a href=\"https:\/\/diariodobrasilnoticias.com.br\/noticia\/milei-recebe-o-titulo-de-economista-do-ano-pela-ordem-dos-economistas-do-brasil-67beebd840572\">Source link <\/a><\/p>","protected":false},"excerpt":{"rendered":"<p>A Ordem dos Economistas do Brasil (OEB) anunciou oficialmente a elei\u00e7\u00e3o do presidente da Argentina, Javier Milei, como Economista do Ano de 2025 nesta ter\u00e7a-feira, 25. A premia\u00e7\u00e3o, que ocorre&hellip;<\/p>","protected":false},"author":1,"featured_media":106680,"comment_status":"closed","ping_status":"open","sticky":false,"template":"","format":"standard","meta":{"content-type":"","footnotes":""},"categories":[16],"tags":[123,2448,5313,1267],"class_list":["post-106679","post","type-post","status-publish","format-standard","has-post-thumbnail","hentry","category-noticias","tag-brasil","tag-diario","tag-noticia","tag-noticias"],"_links":{"self":[{"href":"https:\/\/tvbrazilusa.com\/pt\/wp-json\/wp\/v2\/posts\/106679","targetHints":{"allow":["GET"]}}],"collection":[{"href":"https:\/\/tvbrazilusa.com\/pt\/wp-json\/wp\/v2\/posts"}],"about":[{"href":"https:\/\/tvbrazilusa.com\/pt\/wp-json\/wp\/v2\/types\/post"}],"author":[{"embeddable":true,"href":"https:\/\/tvbrazilusa.com\/pt\/wp-json\/wp\/v2\/users\/1"}],"replies":[{"embeddable":true,"href":"https:\/\/tvbrazilusa.com\/pt\/wp-json\/wp\/v2\/comments?post=106679"}],"version-history":[{"count":1,"href":"https:\/\/tvbrazilusa.com\/pt\/wp-json\/wp\/v2\/posts\/106679\/revisions"}],"predecessor-version":[{"id":106681,"href":"https:\/\/tvbrazilusa.com\/pt\/wp-json\/wp\/v2\/posts\/106679\/revisions\/106681"}],"wp:featuredmedia":[{"embeddable":true,"href":"https:\/\/tvbrazilusa.com\/pt\/wp-json\/wp\/v2\/media\/106680"}],"wp:attachment":[{"href":"https:\/\/tvbrazilusa.com\/pt\/wp-json\/wp\/v2\/media?parent=106679"}],"wp:term":[{"taxonomy":"category","embeddable":true,"href":"https:\/\/tvbrazilusa.com\/pt\/wp-json\/wp\/v2\/categories?post=106679"},{"taxonomy":"post_tag","embeddable":true,"href":"https:\/\/tvbrazilusa.com\/pt\/wp-json\/wp\/v2\/tags?post=106679"}],"curies":[{"name":"wp","href":"https:\/\/api.w.org\/{rel}","templated":true}]}}