{"id":106685,"date":"2025-02-26T12:54:03","date_gmt":"2025-02-26T12:54:03","guid":{"rendered":"https:\/\/tvbrazilusa.com\/2025\/02\/26\/moraes-ja-tinha-dados-que-indicavam-martins-no-brasil-no-dia-em-que-ele-teria-viajado-aos-eua-tres-meses-antes-de-sua-prisao\/"},"modified":"2025-02-26T12:54:05","modified_gmt":"2025-02-26T12:54:05","slug":"moraes-ja-tinha-dados-que-indicavam-martins-no-brasil-no-dia-em-que-ele-teria-viajado-aos-eua-tres-meses-antes-de-sua-prisao","status":"publish","type":"post","link":"https:\/\/tvbrazilusa.com\/pt\/2025\/02\/26\/moraes-ja-tinha-dados-que-indicavam-martins-no-brasil-no-dia-em-que-ele-teria-viajado-aos-eua-tres-meses-antes-de-sua-prisao\/","title":{"rendered":"Moraes j\u00e1 tinha dados que indicavam Martins no Brasil no dia em que ele teria viajado aos EUA, tr\u00eas meses antes de sua pris\u00e3o"},"content":{"rendered":"<p> <script async src=\"https:\/\/pagead2.googlesyndication.com\/pagead\/js\/adsbygoogle.js?client=ca-pub-8864793242727901\"\r\n     crossorigin=\"anonymous\"><\/script><br \/>\n<\/p>\n<div id=\"taboola-read-more\" style=\"display:block; width:100%\">\n<p>Pouco mais de tr\u00eas meses antes de autorizar a pris\u00e3o de Filipe Martins, por uma viagem aos Estados Unidos que teria ocorrido em 30 de dezembro de 2022, o ministro Alexandre de Moraes, do Supremo Tribunal Federal (STF), j\u00e1 tinha dados de geolocaliza\u00e7\u00e3o segundo os quais o ex-assessor da Presid\u00eancia para Assuntos Internacionais estava no Brasil naquela data.\n<\/p>\n<p>Conforme as investiga\u00e7\u00f5es da Pol\u00edcia Federal (PF), Martins embarcou para Orlando, na Fl\u00f3rida, em uma comitiva do ent\u00e3o presidente Jair Bolsonaro. Essa viagem foi posteriormente utilizada para sustentar a alega\u00e7\u00e3o de que Martins teria buscado fugir da Justi\u00e7a em meio a uma investiga\u00e7\u00e3o a respeito de um suposto golpe de Estado. Em um relat\u00f3rio para indiciar suspeitos do que seria uma trama golpista, a corpora\u00e7\u00e3o chegou a se contradizer sobre a viagem de Martins.<\/p>\n<p>Desde a pris\u00e3o do ex-assessor, a defesa dele tem juntado uma s\u00e9rie de evid\u00eancias que v\u00e3o na contram\u00e3o do que concluiu a PF.\n<\/p>\n<p>Ao levantar o sigilo da colabora\u00e7\u00e3o de Cid e de documentos relacionados, \u00e9 poss\u00edvel identificar despachos do magistrado que mostram que ele possu\u00eda os documentos da operadora TIM e tamb\u00e9m da Uber desde outubro de 2023 \u2014 em julho do ano passado, Oeste revelou os comprovantes, obtidos pela defesa, mas que j\u00e1 haviam sido solicitados por Moraes meses antes, segundo decis\u00f5es do pr\u00f3prio juiz do STF.\n<\/p>\n<p>Despachos de Moraes a respeito de Filipe Martins\n<\/p>\n<p>Em 24\/10\/2023, Moraes expediu of\u00edcios \u00e0 operadora e ao aplicativo de transporte para obter o paradeiro de Martins ao determinar \u201co afastamento do sigilo de Esta\u00e7\u00e3o R\u00e1dio Base (ERBs), liga\u00e7\u00f5es, conex\u00f5es de dados e hist\u00f3rico de portabilidades dos terminais telef\u00f4nicos, bem como o afastamento do sigilo telem\u00e1tico de dados de geolocaliza\u00e7\u00e3o\u201d do ex-assessor e de outros investigados.<\/p>\n<figure class=\"wp-block-image size-full\"><picture><source srcset=\"https:\/\/medias.revistaoeste.com\/wp-content\/uploads\/2025\/02\/2.jpg.webp 911w, https:\/\/medias.revistaoeste.com\/wp-content\/uploads\/2025\/02\/2-300x234.jpg.webp 300w, https:\/\/medias.revistaoeste.com\/wp-content\/uploads\/2025\/02\/2-150x117.jpg.webp 150w\" type=\"image\/webp\" sizes=\"(max-width: 911px) 100vw, 911px\" data-srcset=\"https:\/\/medias.revistaoeste.com\/wp-content\/uploads\/2025\/02\/2.jpg.webp 911w, https:\/\/medias.revistaoeste.com\/wp-content\/uploads\/2025\/02\/2-300x234.jpg.webp 300w, https:\/\/medias.revistaoeste.com\/wp-content\/uploads\/2025\/02\/2-150x117.jpg.webp 150w\" data-sizes=\"(max-width: 911px) 100vw, 911px\"\/><\/picture><\/figure>\n<\/p>\n<p>Foto: Reprodu\u00e7\u00e3o\n<\/p>\n<p>Quatro dias depois, em 30\/10\/2023, o ministro escreveu o seguinte: \u201cA PF, com objetivo de verifica\u00e7\u00e3o da plausibilidade das informa\u00e7\u00f5es trazidas, representou pelo afastamento do sigilo de ERB, liga\u00e7\u00f5es, conex\u00f5es de dados e hist\u00f3rico de portabilidades dos terminais telef\u00f4nicos de Amauri Feres Saad, Filipe Garcia Martins Pereira e Jos\u00e9 Eduardo de Oliveira e Silva, al\u00e9m do fornecimento dos seus extratos telef\u00f4nicos, relativos ao per\u00edodo de 1\/6\/2022 a 3\/10\/2023. Em decis\u00e3o de 24\/10\/2023, deferi os requerimentos formulados pela autoridade policial, encampados pela Procuradoria-Geral da Rep\u00fablica\u201d.\n<\/p>\n<p><img decoding=\"async\" src=\"https:\/\/medias.revistaoeste.com\/wp-content\/uploads\/2025\/02\/1.jpg.webp\" alt=\"\" width=\"100%\"\/>\n<\/p>\n<p>Foto: Reprodu\u00e7\u00e3o\n<\/p>\n<p>A defesa de Martins tem recorrido a organismos internacionais para denunciar as viola\u00e7\u00f5es de direitos humanos no caso, sob argumento de que a priva\u00e7\u00e3o de liberdade foi instrumentalizada para fins pol\u00edticos.\n<\/p>\n<p><strong>Posicionamento do STF<\/strong><br \/>Procurado por Oeste, o gabinete do ministro n\u00e3o se manifestou sobre por que mandou prender Martins, com base na viagem aos EUA, se tinha desde outubro dados referentes \u00e0 localiza\u00e7\u00e3o dele no Brasil havia tr\u00eas meses. O espa\u00e7o, contudo, segue aberto.<\/p>\n<p>Fonte: Revista Oeste              <\/p>\n<\/div>\n<p><br \/>\n<br \/><a href=\"https:\/\/diariodobrasilnoticias.com.br\/noticia\/moraes-ja-tinha-dados-que-indicavam-martins-no-brasil-no-dia-em-que-ele-teria-viajado-aos-eua-tres-meses-antes-de-sua-prisao-67beecdd03e99\">Source link <\/a><\/p>","protected":false},"excerpt":{"rendered":"<p>Pouco mais de tr\u00eas meses antes de autorizar a pris\u00e3o de Filipe Martins, por uma viagem aos Estados Unidos que teria ocorrido em 30 de dezembro de 2022, o ministro&hellip;<\/p>","protected":false},"author":1,"featured_media":106686,"comment_status":"closed","ping_status":"open","sticky":false,"template":"","format":"standard","meta":{"content-type":"","footnotes":""},"categories":[16],"tags":[123,2448,5313,1267],"class_list":["post-106685","post","type-post","status-publish","format-standard","has-post-thumbnail","hentry","category-noticias","tag-brasil","tag-diario","tag-noticia","tag-noticias"],"_links":{"self":[{"href":"https:\/\/tvbrazilusa.com\/pt\/wp-json\/wp\/v2\/posts\/106685","targetHints":{"allow":["GET"]}}],"collection":[{"href":"https:\/\/tvbrazilusa.com\/pt\/wp-json\/wp\/v2\/posts"}],"about":[{"href":"https:\/\/tvbrazilusa.com\/pt\/wp-json\/wp\/v2\/types\/post"}],"author":[{"embeddable":true,"href":"https:\/\/tvbrazilusa.com\/pt\/wp-json\/wp\/v2\/users\/1"}],"replies":[{"embeddable":true,"href":"https:\/\/tvbrazilusa.com\/pt\/wp-json\/wp\/v2\/comments?post=106685"}],"version-history":[{"count":1,"href":"https:\/\/tvbrazilusa.com\/pt\/wp-json\/wp\/v2\/posts\/106685\/revisions"}],"predecessor-version":[{"id":106687,"href":"https:\/\/tvbrazilusa.com\/pt\/wp-json\/wp\/v2\/posts\/106685\/revisions\/106687"}],"wp:featuredmedia":[{"embeddable":true,"href":"https:\/\/tvbrazilusa.com\/pt\/wp-json\/wp\/v2\/media\/106686"}],"wp:attachment":[{"href":"https:\/\/tvbrazilusa.com\/pt\/wp-json\/wp\/v2\/media?parent=106685"}],"wp:term":[{"taxonomy":"category","embeddable":true,"href":"https:\/\/tvbrazilusa.com\/pt\/wp-json\/wp\/v2\/categories?post=106685"},{"taxonomy":"post_tag","embeddable":true,"href":"https:\/\/tvbrazilusa.com\/pt\/wp-json\/wp\/v2\/tags?post=106685"}],"curies":[{"name":"wp","href":"https:\/\/api.w.org\/{rel}","templated":true}]}}