{"id":106763,"date":"2025-02-26T16:53:49","date_gmt":"2025-02-26T16:53:49","guid":{"rendered":"https:\/\/tvbrazilusa.com\/2025\/02\/26\/alerta-anvisa-cancela-venda-de-47-pomadas-para-fixar-cabelos-veja-lista\/"},"modified":"2025-02-26T16:53:52","modified_gmt":"2025-02-26T16:53:52","slug":"alerta-anvisa-cancela-venda-de-47-pomadas-para-fixar-cabelos-veja-lista","status":"publish","type":"post","link":"https:\/\/tvbrazilusa.com\/pt\/2025\/02\/26\/alerta-anvisa-cancela-venda-de-47-pomadas-para-fixar-cabelos-veja-lista\/","title":{"rendered":"ALERTA: Anvisa cancela venda de 47 pomadas para fixar cabelos; veja lista"},"content":{"rendered":"<p> <script async src=\"https:\/\/pagead2.googlesyndication.com\/pagead\/js\/adsbygoogle.js?client=ca-pub-8864793242727901\"\r\n     crossorigin=\"anonymous\"><\/script><br \/>\n<\/p>\n<div id=\"taboola-read-more\" style=\"display:block; width:100%\">\n<p>A Ag\u00eancia Nacional de Vigil\u00e2ncia Sanit\u00e1ria (Anvisa) cancelou a comercializa\u00e7\u00e3o de 47 pomadas para fixar ou modelar cabelos por n\u00e3o atenderem aos crit\u00e9rios estabelecidos para essa categoria de cosm\u00e9ticos. Segundo a Ag\u00eancia, as empresas n\u00e3o se adequaram \u00e0s exig\u00eancias da resolu\u00e7\u00e3o 814\/2023.\n<\/p>\n<p>Clique\u00a0<a href=\"https:\/\/www.in.gov.br\/en\/web\/dou\/-\/resolucao-re-n-681-de-20-de-fevereiro-de-2025-614270294\" target=\"_blank\" rel=\"noopener noreferrer\">aqui<\/a>\u00a0para ver a lista de produtos cancelados.<\/p>\n<p>A Ag\u00eancia destaca que apenas os produtos regularizados podem ser fabricados e vendidos e o descumprimento dessa norma \u00e9 considerado uma infra\u00e7\u00e3o sanit\u00e1ria, sujeita a penalidades que incluem multa, cancelamento de registro, interdi\u00e7\u00e3o do estabelecimento.\n<\/p>\n<p>Segundo a Anvisa, a maioria dos produtos cancelados descumpriu o artigo da resolu\u00e7\u00e3o que determinava a adequa\u00e7\u00e3o dos processos de produtos que haviam sido regularizados por notifica\u00e7\u00e3o e a apresenta\u00e7\u00e3o de informa\u00e7\u00f5es como: c\u00f3pia da licen\u00e7a sanit\u00e1ria; arte da rotulagem contendo modo de uso e quantidade de produto a ser aplicado; declara\u00e7\u00e3o\/avalia\u00e7\u00e3o da empresa titular atestando a seguran\u00e7a do produto.\n<\/p>\n<p>Logo ap\u00f3s a publica\u00e7\u00e3o da RDC 814\/2023, a Anvisa j\u00e1 havia cancelado os registros de 1.266 pomadas.\n<\/p>\n<p><strong>DICAS<\/strong><br \/>A Anvisa elaborou uma p\u00e1gina com orienta\u00e7\u00f5es sobre pomadas para fixar ou modelar cabelos.\n<\/p>\n<p>O uso de produtos irregulares ou de forma inadequada pode provocar efeitos indesejados como cegueira tempor\u00e1ria (perda tempor\u00e1ria da vis\u00e3o), forte ard\u00eancia nos olhos, lacrimejamento intenso, coceira, vermelhid\u00e3o, incha\u00e7o ocular e dor de cabe\u00e7a.\n<\/p>\n<p>A lista das pomadas autorizadas est\u00e1 dispon\u00edvel no site da ag\u00eancia. S\u00f3 os produtos dessa lista podem ser comercializados. Clique\u00a0<a href=\"https:\/\/www.gov.br\/anvisa\/pt-br\/assuntos\/cosmeticos\/pomadas\/pomadas-autorizadas\" target=\"_blank\" rel=\"noopener noreferrer\">aqui<\/a>\u00a0para ver a lista completa.\n<\/p>\n<p>*Ag\u00eancia Brasil              <\/p>\n<\/div>\n<p><br \/>\n<br \/><a href=\"https:\/\/diariodobrasilnoticias.com.br\/noticia\/alerta-anvisa-cancela-venda-de-47-pomadas-para-fixar-cabelos-veja-lista-67bf2636752e7\">Source link <\/a><\/p>","protected":false},"excerpt":{"rendered":"<p>A Ag\u00eancia Nacional de Vigil\u00e2ncia Sanit\u00e1ria (Anvisa) cancelou a comercializa\u00e7\u00e3o de 47 pomadas para fixar ou modelar cabelos por n\u00e3o atenderem aos crit\u00e9rios estabelecidos para essa categoria de cosm\u00e9ticos. Segundo&hellip;<\/p>","protected":false},"author":1,"featured_media":106764,"comment_status":"closed","ping_status":"open","sticky":false,"template":"","format":"standard","meta":{"content-type":"","footnotes":""},"categories":[16],"tags":[123,2448,5313,1267],"class_list":["post-106763","post","type-post","status-publish","format-standard","has-post-thumbnail","hentry","category-noticias","tag-brasil","tag-diario","tag-noticia","tag-noticias"],"_links":{"self":[{"href":"https:\/\/tvbrazilusa.com\/pt\/wp-json\/wp\/v2\/posts\/106763","targetHints":{"allow":["GET"]}}],"collection":[{"href":"https:\/\/tvbrazilusa.com\/pt\/wp-json\/wp\/v2\/posts"}],"about":[{"href":"https:\/\/tvbrazilusa.com\/pt\/wp-json\/wp\/v2\/types\/post"}],"author":[{"embeddable":true,"href":"https:\/\/tvbrazilusa.com\/pt\/wp-json\/wp\/v2\/users\/1"}],"replies":[{"embeddable":true,"href":"https:\/\/tvbrazilusa.com\/pt\/wp-json\/wp\/v2\/comments?post=106763"}],"version-history":[{"count":1,"href":"https:\/\/tvbrazilusa.com\/pt\/wp-json\/wp\/v2\/posts\/106763\/revisions"}],"predecessor-version":[{"id":106765,"href":"https:\/\/tvbrazilusa.com\/pt\/wp-json\/wp\/v2\/posts\/106763\/revisions\/106765"}],"wp:featuredmedia":[{"embeddable":true,"href":"https:\/\/tvbrazilusa.com\/pt\/wp-json\/wp\/v2\/media\/106764"}],"wp:attachment":[{"href":"https:\/\/tvbrazilusa.com\/pt\/wp-json\/wp\/v2\/media?parent=106763"}],"wp:term":[{"taxonomy":"category","embeddable":true,"href":"https:\/\/tvbrazilusa.com\/pt\/wp-json\/wp\/v2\/categories?post=106763"},{"taxonomy":"post_tag","embeddable":true,"href":"https:\/\/tvbrazilusa.com\/pt\/wp-json\/wp\/v2\/tags?post=106763"}],"curies":[{"name":"wp","href":"https:\/\/api.w.org\/{rel}","templated":true}]}}