{"id":106769,"date":"2025-02-26T17:07:42","date_gmt":"2025-02-26T17:07:42","guid":{"rendered":"https:\/\/tvbrazilusa.com\/2025\/02\/26\/ministra-de-lula-posa-para-fotos-ao-lado-de-militante-pro-hamas\/"},"modified":"2025-02-26T17:07:44","modified_gmt":"2025-02-26T17:07:44","slug":"ministra-de-lula-posa-para-fotos-ao-lado-de-militante-pro-hamas","status":"publish","type":"post","link":"https:\/\/tvbrazilusa.com\/pt\/2025\/02\/26\/ministra-de-lula-posa-para-fotos-ao-lado-de-militante-pro-hamas\/","title":{"rendered":"Ministra de Lula posa para fotos ao lado de militante pr\u00f3-Hamas"},"content":{"rendered":"<p> <script async src=\"https:\/\/pagead2.googlesyndication.com\/pagead\/js\/adsbygoogle.js?client=ca-pub-8864793242727901\"\r\n     crossorigin=\"anonymous\"><\/script><br \/>\n<\/p>\n<div id=\"taboola-read-more\" style=\"display:block; width:100%\">\n<p>A ministra dos Direitos Humanos, Maca\u00e9 Evaristo, posou para fotos ao lado de Mohamad El Kadri, presidente do F\u00f3rum Latino-Palestino e militante pr\u00f3-<a href=\"http:\/\/pleno.news\/tag\/hamas\" target=\"_blank\" rel=\"noopener noreferrer\">Hamas<\/a>, em um evento realizado em S\u00e3o Paulo na \u00faltima semana. O f\u00f3rum presidido por El Kadri costuma usar as redes sociais para exaltar a\u00e7\u00f5es do Hamas e criticar atos de Israel.\n<\/p>\n<p>O encontro entre Maca\u00e9 e o militante aconteceu na semana passada, durante o Semin\u00e1rio de Direitos Humanos do Estado de S\u00e3o Paulo, realizado na sede do Sindicato dos Engenheiros, fruto de uma articula\u00e7\u00e3o da deputada federal Juliana Cardoso (PT-SP).<\/p>\n<p>Durante o evento, Maca\u00e9 recebeu de Mohamad El Kadri um keffiyeh, len\u00e7o que \u00e9 usado por manifestantes pr\u00f3-Palestina e, por vezes, tamb\u00e9m \u00e9 vestido por integrantes dos grupos terroristas Hamas e Estado Isl\u00e2mico para cobrir o rosto e esconder suas identidades.\n<\/p>\n<p>Nas redes sociais, El Kadri faz quest\u00e3o de ressaltar seu posicionamento contr\u00e1rio a Israel e de defesa ao Hamas. Em uma foto publicada em junho de 2021, o militante posou para uma foto segurando uma bandeira das Brigadas Al-Qassam, o bra\u00e7o armado do Hamas.\n<\/p>\n<p>A proximidade do militante com membros do governo Lula (PT), inclusive, n\u00e3o \u00e9 recente. Em fevereiro de 2023, ele se reuniu com o assessor do presidente, Celso Amorim, e com o ministro do Trabalho e Emprego, Luiz Marinho, em nome do F\u00f3rum Latino-Palestino. Na ocasi\u00e3o, o assunto foi o apoio da gest\u00e3o de Lula \u00e0 \u201ccausa palestina\u201d.\n<\/p>\n<p>De acordo com o site Gazeta do Povo, a presen\u00e7a de Maca\u00e9 no evento n\u00e3o foi listada na agenda oficial da ministra. De acordo com um comunicado da pasta, Evaristo destacou no evento que a implementa\u00e7\u00e3o de quaisquer a\u00e7\u00f5es governamentais precisa ter como foco os direitos fundamentais.\n<\/p>\n<p>A proximidade da ministra com El Kadri ilustra a posi\u00e7\u00e3o do governo Lula de n\u00e3o condenar com intensidade o Hamas. O encontro de Maca\u00e9 e do militante, por sinal, ocorreu na mesma semana em que os corpos de Shiri Bibas e dos filhos, Kfir e Ariel, foram devolvidos pelo Hamas \u00e0 fam\u00edlia israelense. O governo brasileiro, no entanto, n\u00e3o teceu qualquer coment\u00e1rio oficial sobre o caso.<\/p>\n<p>Fonte: Pleno News              <\/p>\n<\/div>\n<p><br \/>\n<br \/><a href=\"https:\/\/diariodobrasilnoticias.com.br\/noticia\/ministra-de-lula-posa-para-fotos-ao-lado-de-militante-pro-hamas-67bf26814283a\">Source link <\/a><\/p>","protected":false},"excerpt":{"rendered":"<p>A ministra dos Direitos Humanos, Maca\u00e9 Evaristo, posou para fotos ao lado de Mohamad El Kadri, presidente do F\u00f3rum Latino-Palestino e militante pr\u00f3-Hamas, em um evento realizado em S\u00e3o Paulo&hellip;<\/p>","protected":false},"author":1,"featured_media":106770,"comment_status":"closed","ping_status":"open","sticky":false,"template":"","format":"standard","meta":{"content-type":"","footnotes":""},"categories":[16],"tags":[123,2448,5313,1267],"class_list":["post-106769","post","type-post","status-publish","format-standard","has-post-thumbnail","hentry","category-noticias","tag-brasil","tag-diario","tag-noticia","tag-noticias"],"_links":{"self":[{"href":"https:\/\/tvbrazilusa.com\/pt\/wp-json\/wp\/v2\/posts\/106769","targetHints":{"allow":["GET"]}}],"collection":[{"href":"https:\/\/tvbrazilusa.com\/pt\/wp-json\/wp\/v2\/posts"}],"about":[{"href":"https:\/\/tvbrazilusa.com\/pt\/wp-json\/wp\/v2\/types\/post"}],"author":[{"embeddable":true,"href":"https:\/\/tvbrazilusa.com\/pt\/wp-json\/wp\/v2\/users\/1"}],"replies":[{"embeddable":true,"href":"https:\/\/tvbrazilusa.com\/pt\/wp-json\/wp\/v2\/comments?post=106769"}],"version-history":[{"count":1,"href":"https:\/\/tvbrazilusa.com\/pt\/wp-json\/wp\/v2\/posts\/106769\/revisions"}],"predecessor-version":[{"id":106771,"href":"https:\/\/tvbrazilusa.com\/pt\/wp-json\/wp\/v2\/posts\/106769\/revisions\/106771"}],"wp:featuredmedia":[{"embeddable":true,"href":"https:\/\/tvbrazilusa.com\/pt\/wp-json\/wp\/v2\/media\/106770"}],"wp:attachment":[{"href":"https:\/\/tvbrazilusa.com\/pt\/wp-json\/wp\/v2\/media?parent=106769"}],"wp:term":[{"taxonomy":"category","embeddable":true,"href":"https:\/\/tvbrazilusa.com\/pt\/wp-json\/wp\/v2\/categories?post=106769"},{"taxonomy":"post_tag","embeddable":true,"href":"https:\/\/tvbrazilusa.com\/pt\/wp-json\/wp\/v2\/tags?post=106769"}],"curies":[{"name":"wp","href":"https:\/\/api.w.org\/{rel}","templated":true}]}}