{"id":106775,"date":"2025-02-26T17:20:05","date_gmt":"2025-02-26T17:20:05","guid":{"rendered":"https:\/\/tvbrazilusa.com\/2025\/02\/26\/globo-e-processada-por-ong-devido-a-suposta-apologia-ao-incesto-na-novela-renascer\/"},"modified":"2025-02-26T17:20:07","modified_gmt":"2025-02-26T17:20:07","slug":"globo-e-processada-por-ong-devido-a-suposta-apologia-ao-incesto-na-novela-renascer","status":"publish","type":"post","link":"https:\/\/tvbrazilusa.com\/pt\/2025\/02\/26\/globo-e-processada-por-ong-devido-a-suposta-apologia-ao-incesto-na-novela-renascer\/","title":{"rendered":"Globo \u00e9 processada por ONG devido a suposta apologia ao incesto na novela Renascer"},"content":{"rendered":"<p> <script async src=\"https:\/\/pagead2.googlesyndication.com\/pagead\/js\/adsbygoogle.js?client=ca-pub-8864793242727901\"\r\n     crossorigin=\"anonymous\"><\/script><br \/>\n<\/p>\n<div id=\"taboola-read-more\" style=\"display:block; width:100%\">\n<p>Uma ONG entrou na Justi\u00e7a pedindo R$ 1 milh\u00e3o de indeniza\u00e7\u00e3o para a Rede Globo por causa da novela\u00a0<em>Renascer<\/em>. De acordo com a ONG Vozes dos Anjos, de Bras\u00edlia (DF), a produ\u00e7\u00e3o promoveu o incesto na hist\u00f3ria dos personagens Mariana (Theresa Fonseca) e Jos\u00e9 Inoc\u00eancio (Marcos Palmeiras).\n<\/p>\n<p>Exibida entre janeiro e setembro de 2024, a novela mostrou que Mariana e Jos\u00e9, antes de se tornarem um casal, tinham uma rela\u00e7\u00e3o de pai e filha, com ela, inclusive, o chamando de \u201cpainho\u201d. A jovem n\u00e3o era filha biol\u00f3gica do personagem, mas sim do maior inimigo dele.<\/p>\n<p>\u2013 A exposi\u00e7\u00e3o de um relacionamento amoroso\/sexual entre duas pessoas que representam figuras paterno\/filiais em uma novela de hor\u00e1rio nobre e em televis\u00e3o aberta deve ser compreendida como uma narrativa que fomenta a cultura do incesto paternal no Brasil \u2013 diz a entidade na a\u00e7\u00e3o civil p\u00fablica.\n<\/p>\n<p>A defesa da emissora carioca diz que a vis\u00e3o da Vozes dos Anjos \u00e9 \u201cfalaciosa\u201d, pois \u201ca narrativa da obra em momento algum prop\u00f5e haver rela\u00e7\u00e3o de paternidade entre o personagem Jos\u00e9 Inoc\u00eancio e Mariana, muito menos faz qualquer alus\u00e3o \u00e0 ocorr\u00eancia de incesto\u201d.\n<\/p>\n<p>\u2013 N\u00e3o h\u00e1 nada na trama que remeta o telespectador ao tema do incesto paternal, muito menos qualquer banaliza\u00e7\u00e3o a t\u00e3o odiosa pr\u00e1tica \u2013 defendem os advogados da empresa.\n<\/p>\n<p>Em mar\u00e7o de 2024, a mesma ONG processou a Rede Globo criminalmente pelo mesmo motivo. A a\u00e7\u00e3o tramitava no Tribunal de Justi\u00e7a do Rio de Janeiro e ainda n\u00e3o foi julgada. As informa\u00e7\u00f5es s\u00e3o da Folha de S.Paulo.<\/p>\n<p>Fonte: Pleno News              <\/p>\n<\/div>\n<p><br \/>\n<br \/><a href=\"https:\/\/diariodobrasilnoticias.com.br\/noticia\/globo-e-processada-por-ong-devido-a-suposta-apologia-ao-incesto-na-novela-renascer-67bf29141abc4\">Source link <\/a><\/p>","protected":false},"excerpt":{"rendered":"<p>Uma ONG entrou na Justi\u00e7a pedindo R$ 1 milh\u00e3o de indeniza\u00e7\u00e3o para a Rede Globo por causa da novela\u00a0Renascer. De acordo com a ONG Vozes dos Anjos, de Bras\u00edlia (DF),&hellip;<\/p>","protected":false},"author":1,"featured_media":106776,"comment_status":"closed","ping_status":"open","sticky":false,"template":"","format":"standard","meta":{"content-type":"","footnotes":""},"categories":[16],"tags":[123,2448,5313,1267],"class_list":["post-106775","post","type-post","status-publish","format-standard","has-post-thumbnail","hentry","category-noticias","tag-brasil","tag-diario","tag-noticia","tag-noticias"],"_links":{"self":[{"href":"https:\/\/tvbrazilusa.com\/pt\/wp-json\/wp\/v2\/posts\/106775","targetHints":{"allow":["GET"]}}],"collection":[{"href":"https:\/\/tvbrazilusa.com\/pt\/wp-json\/wp\/v2\/posts"}],"about":[{"href":"https:\/\/tvbrazilusa.com\/pt\/wp-json\/wp\/v2\/types\/post"}],"author":[{"embeddable":true,"href":"https:\/\/tvbrazilusa.com\/pt\/wp-json\/wp\/v2\/users\/1"}],"replies":[{"embeddable":true,"href":"https:\/\/tvbrazilusa.com\/pt\/wp-json\/wp\/v2\/comments?post=106775"}],"version-history":[{"count":1,"href":"https:\/\/tvbrazilusa.com\/pt\/wp-json\/wp\/v2\/posts\/106775\/revisions"}],"predecessor-version":[{"id":106777,"href":"https:\/\/tvbrazilusa.com\/pt\/wp-json\/wp\/v2\/posts\/106775\/revisions\/106777"}],"wp:featuredmedia":[{"embeddable":true,"href":"https:\/\/tvbrazilusa.com\/pt\/wp-json\/wp\/v2\/media\/106776"}],"wp:attachment":[{"href":"https:\/\/tvbrazilusa.com\/pt\/wp-json\/wp\/v2\/media?parent=106775"}],"wp:term":[{"taxonomy":"category","embeddable":true,"href":"https:\/\/tvbrazilusa.com\/pt\/wp-json\/wp\/v2\/categories?post=106775"},{"taxonomy":"post_tag","embeddable":true,"href":"https:\/\/tvbrazilusa.com\/pt\/wp-json\/wp\/v2\/tags?post=106775"}],"curies":[{"name":"wp","href":"https:\/\/api.w.org\/{rel}","templated":true}]}}