{"id":106778,"date":"2025-02-26T17:33:44","date_gmt":"2025-02-26T17:33:44","guid":{"rendered":"https:\/\/tvbrazilusa.com\/2025\/02\/26\/medico-e-vice-presidente-alckmin-optou-por-nao-se-vacinar-contra-a-covid-em-2024\/"},"modified":"2025-02-26T17:33:49","modified_gmt":"2025-02-26T17:33:49","slug":"medico-e-vice-presidente-alckmin-optou-por-nao-se-vacinar-contra-a-covid-em-2024","status":"publish","type":"post","link":"https:\/\/tvbrazilusa.com\/pt\/2025\/02\/26\/medico-e-vice-presidente-alckmin-optou-por-nao-se-vacinar-contra-a-covid-em-2024\/","title":{"rendered":"M\u00e9dico e vice-presidente, Alckmin optou por n\u00e3o se vacinar contra a Covid em 2024"},"content":{"rendered":"<p> <script async src=\"https:\/\/pagead2.googlesyndication.com\/pagead\/js\/adsbygoogle.js?client=ca-pub-8864793242727901\"\r\n     crossorigin=\"anonymous\"><\/script><br \/>\n<\/p>\n<div id=\"taboola-read-more\" style=\"display:block; width:100%\">\n<p>M\u00e9dico anestesista, o vice-presidente e ministro do Desenvolvimento, Ind\u00fastria, Com\u00e9rcio e Servi\u00e7os, Geraldo Alckmin, est\u00e1 com a caderneta de vacina\u00e7\u00e3o incompleta, porque n\u00e3o se vacinou contra a Covid em 2024 \u2013 contrariando orienta\u00e7\u00e3o do Minist\u00e9rio da Sa\u00fade. A pasta recomenda uma dose a cada 6 meses para pessoas a partir de 60 anos.\n<\/p>\n<p>Veja o cart\u00e3o de vacina de Alckmin:<\/p>\n<\/p>\n<p>Procurado pela coluna, o minist\u00e9rio de Alckmin n\u00e3o respondeu por que o cart\u00e3o de vacina\u00e7\u00e3o dele est\u00e1 incompleto.\n<\/p>\n<p>\u201cO vice-presidente e ministro, Geraldo Alckmin, tomou cinco doses da vacina contra a Covid-19, sendo que a \u00faltima dose foi a bivalente da Pfizer\u201d, limitou-se a informar o MDIC.\n<\/p>\n<p>Como a coluna revelou, 12 ministros de Luiz In\u00e1cio Lula da Silva (PT) a partir de 60 anos, al\u00e9m da rec\u00e9m-demitida N\u00edsia Trindade (Minist\u00e9rio da Sa\u00fade), ignoraram recomenda\u00e7\u00e3o do pr\u00f3prio governo e n\u00e3o tomaram ou n\u00e3o completaram o refor\u00e7o da vacina\u00e7\u00e3o contra a Covid em 2024, incluindo Alckmin.\n<\/p>\n<p>Na lista, figura a ent\u00e3o ministra da Sa\u00fade, N\u00edsia Trindade, que s\u00f3 recebeu uma dose no ano passado. A ex-presidente da Funda\u00e7\u00e3o Oswaldo Cruz (Fiocruz) confirmou a informa\u00e7\u00e3o \u00e0 reportagem.\n<\/p>\n<p>Veja o restante da lista:\n<\/p>\n<ul>\n<li>Jos\u00e9 M\u00facio (Defesa), 76: n\u00e3o tomou as doses de refor\u00e7o contra a Covid de 2023 e de 2024;<\/li>\n<li>Ricardo Lewandowski (Justi\u00e7a e Seguran\u00e7a P\u00fablica), 76: n\u00e3o tomou um dos dois refor\u00e7os a que deveria ter recebido em 2024;<\/li>\n<li>General Amaro (Gabinete de Seguran\u00e7a Institucional), 67: n\u00e3o tomou doses de refor\u00e7o em 2022 e em 2024;<\/li>\n<li>Marina Silva (Meio Ambiente e Mudan\u00e7a do Clima), 66: tomou nenhum dos dois refor\u00e7os a que teria direito em 2024;<\/li>\n<li>Luiz Marinho (Trabalho e Emprego), 65: recebeu nenhum dos dois refor\u00e7os que deveria ter tomado em 2024;<\/li>\n<li>Paulo Teixeira (Desenvolvimento Agr\u00e1rio e Agricultura Familiar), 63: tomou nenhum dos dois refor\u00e7os em 2024;<\/li>\n<li>Andr\u00e9 de Paula (Pesca e Aquicultura), 63: nenhum refor\u00e7o em 2024;<\/li>\n<li>Margareth Menezes (Cultura), 62: n\u00e3o se vacinou em 2023 e em 2024;<\/li>\n<li>Cida Gon\u00e7alves (Mulheres), 62: n\u00e3o tomou refor\u00e7os em 2024;<\/li>\n<li>M\u00e1rcio Fran\u00e7a (Empreendedorismo, Microempresa e Empresa de Pequeno Porte), 61: nenhum refor\u00e7o em 2024;<\/li>\n<li>Fernando Haddad (Fazenda), 61: n\u00e3o se vacinou em 2023 e em 2024.<\/li>\n<\/ul>\n<p>Rui Costa (Casa Civil), 61, n\u00e3o liberou o cart\u00e3o, mas informou ter recebido uma dose contra febre amarela e quatro contra a Covid. Por isso, \u00e9 poss\u00edvel que a caderneta de vacina\u00e7\u00e3o dele esteja incompleta.\n<\/p>\n<p>AD<br \/>S\u00f3 tr\u00eas dos 19 ministros a partir de 60 anos completaram as doses de refor\u00e7o contra a Covid no ano passado. S\u00e3o eles: Carlos Lupi (Previd\u00eancia Social), Mauro Vieira (Rela\u00e7\u00f5es Exteriores) e Sid\u00f4nio Palmeira (Secretaria de Comunica\u00e7\u00e3o).\n<\/p>\n<p>A coluna pediu os cart\u00f5es de vacina dos titulares da Esplanada por meio da Lei de Acesso \u00e0 Informa\u00e7\u00e3o (LAI).<\/p>\n<p>Fonte: Metr\u00f3poles              <\/p>\n<\/div>\n<p><br \/>\n<br \/><a href=\"https:\/\/diariodobrasilnoticias.com.br\/noticia\/medico-e-vice-presidente-alckmin-optou-por-nao-se-vacinar-contra-a-covid-em-2024-67bf27cf2da43\">Source link <\/a><\/p>","protected":false},"excerpt":{"rendered":"<p>M\u00e9dico anestesista, o vice-presidente e ministro do Desenvolvimento, Ind\u00fastria, Com\u00e9rcio e Servi\u00e7os, Geraldo Alckmin, est\u00e1 com a caderneta de vacina\u00e7\u00e3o incompleta, porque n\u00e3o se vacinou contra a Covid em 2024&hellip;<\/p>","protected":false},"author":1,"featured_media":106779,"comment_status":"closed","ping_status":"open","sticky":false,"template":"","format":"standard","meta":{"content-type":"","footnotes":""},"categories":[16],"tags":[123,2448,5313,1267],"class_list":["post-106778","post","type-post","status-publish","format-standard","has-post-thumbnail","hentry","category-noticias","tag-brasil","tag-diario","tag-noticia","tag-noticias"],"_links":{"self":[{"href":"https:\/\/tvbrazilusa.com\/pt\/wp-json\/wp\/v2\/posts\/106778","targetHints":{"allow":["GET"]}}],"collection":[{"href":"https:\/\/tvbrazilusa.com\/pt\/wp-json\/wp\/v2\/posts"}],"about":[{"href":"https:\/\/tvbrazilusa.com\/pt\/wp-json\/wp\/v2\/types\/post"}],"author":[{"embeddable":true,"href":"https:\/\/tvbrazilusa.com\/pt\/wp-json\/wp\/v2\/users\/1"}],"replies":[{"embeddable":true,"href":"https:\/\/tvbrazilusa.com\/pt\/wp-json\/wp\/v2\/comments?post=106778"}],"version-history":[{"count":1,"href":"https:\/\/tvbrazilusa.com\/pt\/wp-json\/wp\/v2\/posts\/106778\/revisions"}],"predecessor-version":[{"id":106780,"href":"https:\/\/tvbrazilusa.com\/pt\/wp-json\/wp\/v2\/posts\/106778\/revisions\/106780"}],"wp:featuredmedia":[{"embeddable":true,"href":"https:\/\/tvbrazilusa.com\/pt\/wp-json\/wp\/v2\/media\/106779"}],"wp:attachment":[{"href":"https:\/\/tvbrazilusa.com\/pt\/wp-json\/wp\/v2\/media?parent=106778"}],"wp:term":[{"taxonomy":"category","embeddable":true,"href":"https:\/\/tvbrazilusa.com\/pt\/wp-json\/wp\/v2\/categories?post=106778"},{"taxonomy":"post_tag","embeddable":true,"href":"https:\/\/tvbrazilusa.com\/pt\/wp-json\/wp\/v2\/tags?post=106778"}],"curies":[{"name":"wp","href":"https:\/\/api.w.org\/{rel}","templated":true}]}}