{"id":106784,"date":"2025-02-26T18:04:59","date_gmt":"2025-02-26T18:04:59","guid":{"rendered":"https:\/\/tvbrazilusa.com\/2025\/02\/26\/tombo-quase-70-dos-eleitores-de-sp-desaprovaram-governo-lula\/"},"modified":"2025-02-26T18:05:00","modified_gmt":"2025-02-26T18:05:00","slug":"tombo-quase-70-dos-eleitores-de-sp-desaprovaram-governo-lula","status":"publish","type":"post","link":"https:\/\/tvbrazilusa.com\/pt\/2025\/02\/26\/tombo-quase-70-dos-eleitores-de-sp-desaprovaram-governo-lula\/","title":{"rendered":"Tombo: quase 70% dos eleitores de SP desaprovaram governo Lula"},"content":{"rendered":"<p> <script async src=\"https:\/\/pagead2.googlesyndication.com\/pagead\/js\/adsbygoogle.js?client=ca-pub-8864793242727901\"\r\n     crossorigin=\"anonymous\"><\/script><br \/>\n<\/p>\n<div id=\"taboola-read-more\" style=\"display:block; width:100%\">\n<p>Quase dois em cada tr\u00eas\u00a0<strong>eleitores paulistas<\/strong>\u00a0desaprovam o que est\u00e1 sendo feito no terceiro mandato do presidente\u00a0<strong>Luiz In\u00e1cio Lula da Silva<\/strong>, segundo levantamento feito entre os dias 20 e 23 de fevereiro pelo instituto\u00a0<strong>Paran\u00e1 Pesquisas<\/strong>\u00a0e divulgado nesta quarta-feira, 26.\n<\/p>\n<p>De acordo com a sondagem, 63,1% desaprovam a gest\u00e3o do petista, enquanto 34,1% a aprovam e outros 2,8% n\u00e3o souberam ou n\u00e3o quiseram responder.<\/p>\n<p>Quando questionados sobre como avaliam o trabalho de\u00a0<a href=\"https:\/\/12ft.io\/proxy?q=https%3A%2F%2Fveja.abril.com.br%2Fnoticias-sobre%2Fluiz-inacio-lula-da-silva%2F\" target=\"_parent\">Lula<\/a>\u00a0na atual gest\u00e3o, apenas 6,8% dos eleitores de S\u00e3o Paulo a classificam como \u00f3tima, enquanto 15,7% dizem que ela \u00e9 boa. J\u00e1 o percentual dos que consideram o mandato p\u00e9ssimo atinge 44,7%. Outros 8,8% a avaliam como ruim e 22,4% como regular\u00a0<em>(veja quadro abaixo)<\/em>.\n<\/p>\n<\/p>\n<p>A m\u00e1 avalia\u00e7\u00e3o da gest\u00e3o de Lula cresceu entre os eleitores paulistas desde o final do ano passado. Em novembro, o percentual dos que reprovavam a sua administra\u00e7\u00e3o era de 54,2% \u2014 ou seja, em tr\u00eas meses a vis\u00e3o negativa sobre o trabalho do petista avan\u00e7ou quase nove pontos\u00a0<em>(veja quadro abaixo)<\/em>.<\/p>\n<figure id=\"attachment_5709807\" class=\"wp-caption alignnone\"><img fetchpriority=\"high\" decoding=\"async\" class=\"wp-image-5709807 size-full\" title=\"Arpova\u00e7\u00e3o Lula \u2013 comparativo \u2013 S\u00e3o Paulo\" src=\"https:\/\/veja.abril.com.br\/wp-content\/uploads\/2025\/02\/Arpovacao-Lula-comparativo-Sao-Paulo.jpg?quality=70&#038;strip=info&#038;w=1024&#038;crop=1\" alt=\"Arpova\u00e7\u00e3o Lula \u2013 comparativo \u2013 S\u00e3o Paulo\" width=\"556\" height=\"374\" border=\"0\" data-restrict=\"false\" data-portal-copyright=\"Paran\u00e1 Pesquisas\" data-image-caption=\"Arpova\u00e7\u00e3o Lula - comparativo - S\u00e3o Paulo\" data-image-title=\"\" data-image-source=\"Reprodu\u00e7\u00e3o\"\/><figcaption class=\"wp-caption-text\">Aprova\u00e7\u00e3o Lula \u2013 comparativo \u2013 S\u00e3o Paulo\u00a0(Paran\u00e1 Pesquisas\/Reprodu\u00e7\u00e3o)<\/figcaption><\/figure>\n<\/p>\n<h3>Reflexos eleitorais<\/h3>\n<p>A m\u00e1 avalia\u00e7\u00e3o do governo Lula reflete-se em suas pretens\u00f5es eleitorais. Segundo o mesmo levantamento, mesmo ineleg\u00edvel, o ex-presidente\u00a0<strong>Jair\u00a0<a href=\"https:\/\/12ft.io\/proxy?q=https%3A%2F%2Fveja.abril.com.br%2Fnoticias-sobre%2Fjair-bolsonaro%2F\" target=\"_parent\">Bolsonaro<\/a><\/strong>\u00a0teria hoje quase 14 pontos percentuais de vantagem sobre o petista em uma eventual nova disputa ao Pal\u00e1cio do Planalto em 2026.\n<\/p>\n<p>Lula tamb\u00e9m teria dificuldades caso o seu advers\u00e1rio do campo da direita fosse o governador de S\u00e3o Paulo,\u00a0<strong>Tarc\u00edsio de Freitas<\/strong>\u00a0(Republicanos), ou a ex-primeira-dama\u00a0<strong>Michelle Bolsonaro<\/strong>\u00a0\u2014\u00a0<a href=\"https:\/\/12ft.io\/proxy?q=https%3A%2F%2Fveja.abril.com.br%2Fcoluna%2Fmaquiavel%2Finelegivel-bolsonaro-tem-vantagem-de-14-pontos-sobre-lula-em-sp%2F\" target=\"_parent\">leia a mat\u00e9ria completa aqui<\/a>.\n<\/p>\n<h3>A pesquisa<\/h3>\n<p>O levantamento foi feito com 1.650 eleitores de 86 munic\u00edpios do Estado de S\u00e3o Paulo. A margem de erro \u00e9 de 2,5 pontos percentuais para mais ou para menos.<\/p>\n<p>Fonte: Veja              <\/p>\n<\/div>\n<p><br \/>\n<br \/><a href=\"https:\/\/diariodobrasilnoticias.com.br\/noticia\/tombo-quase-70-dos-eleitores-de-sp-desaprovaram-governo-lula-67bf2e36289ec\">Source link <\/a><\/p>","protected":false},"excerpt":{"rendered":"<p>Quase dois em cada tr\u00eas\u00a0eleitores paulistas\u00a0desaprovam o que est\u00e1 sendo feito no terceiro mandato do presidente\u00a0Luiz In\u00e1cio Lula da Silva, segundo levantamento feito entre os dias 20 e 23 de&hellip;<\/p>","protected":false},"author":1,"featured_media":106785,"comment_status":"closed","ping_status":"open","sticky":false,"template":"","format":"standard","meta":{"content-type":"","footnotes":""},"categories":[16],"tags":[123,2448,5313,1267],"class_list":["post-106784","post","type-post","status-publish","format-standard","has-post-thumbnail","hentry","category-noticias","tag-brasil","tag-diario","tag-noticia","tag-noticias"],"_links":{"self":[{"href":"https:\/\/tvbrazilusa.com\/pt\/wp-json\/wp\/v2\/posts\/106784","targetHints":{"allow":["GET"]}}],"collection":[{"href":"https:\/\/tvbrazilusa.com\/pt\/wp-json\/wp\/v2\/posts"}],"about":[{"href":"https:\/\/tvbrazilusa.com\/pt\/wp-json\/wp\/v2\/types\/post"}],"author":[{"embeddable":true,"href":"https:\/\/tvbrazilusa.com\/pt\/wp-json\/wp\/v2\/users\/1"}],"replies":[{"embeddable":true,"href":"https:\/\/tvbrazilusa.com\/pt\/wp-json\/wp\/v2\/comments?post=106784"}],"version-history":[{"count":1,"href":"https:\/\/tvbrazilusa.com\/pt\/wp-json\/wp\/v2\/posts\/106784\/revisions"}],"predecessor-version":[{"id":106786,"href":"https:\/\/tvbrazilusa.com\/pt\/wp-json\/wp\/v2\/posts\/106784\/revisions\/106786"}],"wp:featuredmedia":[{"embeddable":true,"href":"https:\/\/tvbrazilusa.com\/pt\/wp-json\/wp\/v2\/media\/106785"}],"wp:attachment":[{"href":"https:\/\/tvbrazilusa.com\/pt\/wp-json\/wp\/v2\/media?parent=106784"}],"wp:term":[{"taxonomy":"category","embeddable":true,"href":"https:\/\/tvbrazilusa.com\/pt\/wp-json\/wp\/v2\/categories?post=106784"},{"taxonomy":"post_tag","embeddable":true,"href":"https:\/\/tvbrazilusa.com\/pt\/wp-json\/wp\/v2\/tags?post=106784"}],"curies":[{"name":"wp","href":"https:\/\/api.w.org\/{rel}","templated":true}]}}