{"id":106793,"date":"2025-02-26T18:18:15","date_gmt":"2025-02-26T18:18:15","guid":{"rendered":"https:\/\/tvbrazilusa.com\/2025\/02\/26\/bomba-venda-de-sentencas-pode-estar-em-5-tribunais-incluindo-o-stf\/"},"modified":"2025-02-26T18:18:17","modified_gmt":"2025-02-26T18:18:17","slug":"bomba-venda-de-sentencas-pode-estar-em-5-tribunais-incluindo-o-stf","status":"publish","type":"post","link":"https:\/\/tvbrazilusa.com\/pt\/2025\/02\/26\/bomba-venda-de-sentencas-pode-estar-em-5-tribunais-incluindo-o-stf\/","title":{"rendered":"BOMBA: venda de senten\u00e7as pode estar em 5 tribunais incluindo o STF"},"content":{"rendered":"<p> <script async src=\"https:\/\/pagead2.googlesyndication.com\/pagead\/js\/adsbygoogle.js?client=ca-pub-8864793242727901\"\r\n     crossorigin=\"anonymous\"><\/script><br \/>\n<\/p>\n<div id=\"taboola-read-more\" style=\"display:block; width:100%\">\n<p>Suspeita de venda de senten\u00e7as atinge 5 tribunais. Investiga\u00e7\u00e3o avan\u00e7a at\u00e9 sobre gabinetes do STF.\n<\/p>\n<p>ASSISTA:<\/p>\n<blockquote class=\"twitter-tweet\" data-media-max-width=\"560\">\n<p dir=\"ltr\" lang=\"pt\">Suspeita de venda de senten\u00e7as atinge 5 tribunais. Investiga\u00e7\u00e3o avan\u00e7a at\u00e9 sobre gabinetes do STF.<\/p>\n<p>\u27a1 Assista ao <a href=\"https:\/\/twitter.com\/hashtag\/Conex%C3%A3oGloboNews?src=hash&#038;ref_src=twsrc%5Etfw\">#Conex\u00e3oGloboNews<\/a>: <a href=\"https:\/\/t.co\/bFwcwLpLU9\">https:\/\/t.co\/bFwcwLpLU9<\/a> <a href=\"https:\/\/twitter.com\/hashtag\/GloboNews?src=hash&#038;ref_src=twsrc%5Etfw\">#GloboNews<\/a> <a href=\"https:\/\/t.co\/G56BoWcu4S\">pic.twitter.com\/G56BoWcu4S<\/a><br \/>\n\u2014 GloboNews (@GloboNews) <a href=\"https:\/\/twitter.com\/GloboNews\/status\/1894769062636314662?ref_src=twsrc%5Etfw\">February 26, 2025<\/a><\/p>\n<\/blockquote>\n<\/div>\n<p><script async src=\"\/\/platform.twitter.com\/widgets.js\" charset=\"utf-8\"><\/script><br \/>\n<br \/><br \/>\n<br \/><a href=\"https:\/\/diariodobrasilnoticias.com.br\/noticia\/bomba-venda-de-sentencas-pode-estar-em-5-tribunais-incluindo-o-stf-67bf3873baa6e\">Source link <\/a><\/p>","protected":false},"excerpt":{"rendered":"<p>Suspeita de venda de senten\u00e7as atinge 5 tribunais. Investiga\u00e7\u00e3o avan\u00e7a at\u00e9 sobre gabinetes do STF. ASSISTA: Suspeita de venda de senten\u00e7as atinge 5 tribunais. Investiga\u00e7\u00e3o avan\u00e7a at\u00e9 sobre gabinetes do&hellip;<\/p>","protected":false},"author":1,"featured_media":106794,"comment_status":"closed","ping_status":"open","sticky":false,"template":"","format":"standard","meta":{"content-type":"","footnotes":""},"categories":[16],"tags":[123,2448,5313,1267],"class_list":["post-106793","post","type-post","status-publish","format-standard","has-post-thumbnail","hentry","category-noticias","tag-brasil","tag-diario","tag-noticia","tag-noticias"],"_links":{"self":[{"href":"https:\/\/tvbrazilusa.com\/pt\/wp-json\/wp\/v2\/posts\/106793","targetHints":{"allow":["GET"]}}],"collection":[{"href":"https:\/\/tvbrazilusa.com\/pt\/wp-json\/wp\/v2\/posts"}],"about":[{"href":"https:\/\/tvbrazilusa.com\/pt\/wp-json\/wp\/v2\/types\/post"}],"author":[{"embeddable":true,"href":"https:\/\/tvbrazilusa.com\/pt\/wp-json\/wp\/v2\/users\/1"}],"replies":[{"embeddable":true,"href":"https:\/\/tvbrazilusa.com\/pt\/wp-json\/wp\/v2\/comments?post=106793"}],"version-history":[{"count":1,"href":"https:\/\/tvbrazilusa.com\/pt\/wp-json\/wp\/v2\/posts\/106793\/revisions"}],"predecessor-version":[{"id":106795,"href":"https:\/\/tvbrazilusa.com\/pt\/wp-json\/wp\/v2\/posts\/106793\/revisions\/106795"}],"wp:featuredmedia":[{"embeddable":true,"href":"https:\/\/tvbrazilusa.com\/pt\/wp-json\/wp\/v2\/media\/106794"}],"wp:attachment":[{"href":"https:\/\/tvbrazilusa.com\/pt\/wp-json\/wp\/v2\/media?parent=106793"}],"wp:term":[{"taxonomy":"category","embeddable":true,"href":"https:\/\/tvbrazilusa.com\/pt\/wp-json\/wp\/v2\/categories?post=106793"},{"taxonomy":"post_tag","embeddable":true,"href":"https:\/\/tvbrazilusa.com\/pt\/wp-json\/wp\/v2\/tags?post=106793"}],"curies":[{"name":"wp","href":"https:\/\/api.w.org\/{rel}","templated":true}]}}