{"id":106799,"date":"2025-02-26T18:29:59","date_gmt":"2025-02-26T18:29:59","guid":{"rendered":"https:\/\/tvbrazilusa.com\/2025\/02\/26\/bolsonaro-revela-que-carlos-e-michelle-nao-se-falam-questao-do-passado\/"},"modified":"2025-02-26T18:30:01","modified_gmt":"2025-02-26T18:30:01","slug":"bolsonaro-revela-que-carlos-e-michelle-nao-se-falam-questao-do-passado","status":"publish","type":"post","link":"https:\/\/tvbrazilusa.com\/pt\/2025\/02\/26\/bolsonaro-revela-que-carlos-e-michelle-nao-se-falam-questao-do-passado\/","title":{"rendered":"Bolsonaro revela que Carlos e Michelle n\u00e3o se falam: &#8216;Quest\u00e3o do passado&#8217;"},"content":{"rendered":"<p> <script async src=\"https:\/\/pagead2.googlesyndication.com\/pagead\/js\/adsbygoogle.js?client=ca-pub-8864793242727901\"\r\n     crossorigin=\"anonymous\"><\/script><br \/>\n<\/p>\n<div id=\"taboola-read-more\" style=\"display:block; width:100%\">\n<p>O ex-presidente Jair Bolsonaro (PL) disse que sua mulher, Michelle Bolsonaro, e o vereador Carlos Bolsonaro (PL-RJ), seu filho, n\u00e3o se falam por conta de um \u201cproblema l\u00e1 atr\u00e1s\u201d.\n<\/p>\n<p>Sem entrar em detalhes, Bolsonaro declarou que Michelle \u201ctem seu g\u00eanio\u201d e sugeriu que o motivo para que ela e o filho tenham deixado de se falar seria ci\u00fames. Afirmou, por\u00e9m, que Carlos amadureceu e que a rela\u00e7\u00e3o dos filhos com a mulher \u00e9 de \u201caltos e baixos\u201d.<\/p>\n<p>As declara\u00e7\u00f5es foram feitas em entrevista ao canal Leo Dias TV, no YouTube.\n<\/p>\n<p>\u201c[A rela\u00e7\u00e3o de Michelle e os filhos] T\u00eam altos e baixos. Tem um filho meu que n\u00e3o fala com ela. \u00c9 o Carlos. Tem um problema l\u00e1 atr\u00e1s. A Michelle tem seu g\u00eanio, talvez, algum problema de ci\u00fames, n\u00e3o sei. Mas, tamb\u00e9m, o Carlos amadureceu muito, tem uma filha agora\u201d, disse Bolsonaro.\n<\/p>\n<p>Perguntado sobre com qual dos filhos mais se identifica, o ex-presidente afirmou ser o senador Fl\u00e1vio Bolsonaro (PL-RJ).\n<\/p>\n<p>\u201cEle \u00e9 t\u00e3o maduro para algumas coisas e, de repente, ele cai no abismo. Eu falo \u2018p\u00f4, t\u00e1 igual teu pai\u2019!\u201d, disse.<\/p>\n<p>Fonte: Poder360              <\/p>\n<\/div>\n<p><br \/>\n<br \/><a href=\"https:\/\/diariodobrasilnoticias.com.br\/noticia\/bolsonaro-revela-que-carlos-e-michelle-nao-se-falam-questao-do-passado-67bf3d68c8ac3\">Source link <\/a><\/p>","protected":false},"excerpt":{"rendered":"<p>O ex-presidente Jair Bolsonaro (PL) disse que sua mulher, Michelle Bolsonaro, e o vereador Carlos Bolsonaro (PL-RJ), seu filho, n\u00e3o se falam por conta de um \u201cproblema l\u00e1 atr\u00e1s\u201d. Sem&hellip;<\/p>","protected":false},"author":1,"featured_media":106800,"comment_status":"closed","ping_status":"open","sticky":false,"template":"","format":"standard","meta":{"content-type":"","footnotes":""},"categories":[16],"tags":[123,2448,5313,1267],"class_list":["post-106799","post","type-post","status-publish","format-standard","has-post-thumbnail","hentry","category-noticias","tag-brasil","tag-diario","tag-noticia","tag-noticias"],"_links":{"self":[{"href":"https:\/\/tvbrazilusa.com\/pt\/wp-json\/wp\/v2\/posts\/106799","targetHints":{"allow":["GET"]}}],"collection":[{"href":"https:\/\/tvbrazilusa.com\/pt\/wp-json\/wp\/v2\/posts"}],"about":[{"href":"https:\/\/tvbrazilusa.com\/pt\/wp-json\/wp\/v2\/types\/post"}],"author":[{"embeddable":true,"href":"https:\/\/tvbrazilusa.com\/pt\/wp-json\/wp\/v2\/users\/1"}],"replies":[{"embeddable":true,"href":"https:\/\/tvbrazilusa.com\/pt\/wp-json\/wp\/v2\/comments?post=106799"}],"version-history":[{"count":1,"href":"https:\/\/tvbrazilusa.com\/pt\/wp-json\/wp\/v2\/posts\/106799\/revisions"}],"predecessor-version":[{"id":106801,"href":"https:\/\/tvbrazilusa.com\/pt\/wp-json\/wp\/v2\/posts\/106799\/revisions\/106801"}],"wp:featuredmedia":[{"embeddable":true,"href":"https:\/\/tvbrazilusa.com\/pt\/wp-json\/wp\/v2\/media\/106800"}],"wp:attachment":[{"href":"https:\/\/tvbrazilusa.com\/pt\/wp-json\/wp\/v2\/media?parent=106799"}],"wp:term":[{"taxonomy":"category","embeddable":true,"href":"https:\/\/tvbrazilusa.com\/pt\/wp-json\/wp\/v2\/categories?post=106799"},{"taxonomy":"post_tag","embeddable":true,"href":"https:\/\/tvbrazilusa.com\/pt\/wp-json\/wp\/v2\/tags?post=106799"}],"curies":[{"name":"wp","href":"https:\/\/api.w.org\/{rel}","templated":true}]}}