{"id":106802,"date":"2025-02-26T18:42:01","date_gmt":"2025-02-26T18:42:01","guid":{"rendered":"https:\/\/tvbrazilusa.com\/2025\/02\/26\/fgts-saque-aniversario-confira-como-verificar-o-saldo-da-sua-conta\/"},"modified":"2025-02-26T18:42:04","modified_gmt":"2025-02-26T18:42:04","slug":"fgts-saque-aniversario-confira-como-verificar-o-saldo-da-sua-conta","status":"publish","type":"post","link":"https:\/\/tvbrazilusa.com\/pt\/2025\/02\/26\/fgts-saque-aniversario-confira-como-verificar-o-saldo-da-sua-conta\/","title":{"rendered":"FGTS Saque-Anivers\u00e1rio: confira como verificar o saldo da sua conta"},"content":{"rendered":"<p> <script async src=\"https:\/\/pagead2.googlesyndication.com\/pagead\/js\/adsbygoogle.js?client=ca-pub-8864793242727901\"\r\n     crossorigin=\"anonymous\"><\/script><br \/>\n<\/p>\n<div data-block-type=\"raw\" data-block-weight=\"40\" data-block-id=\"2\">\n<p>O que \u00e9 o saque-anivers\u00e1rio?<br \/>O saque-anivers\u00e1rio permite ao trabalhador fazer uma retirada anual do Fundo no seu m\u00eas de nascimento. Mas, em contrapartida, ele n\u00e3o pode sacar todo o saldo remanescente em caso de demiss\u00e3o sem justa causa \u2014 como \u00e9 o caso dos trabalhadores que n\u00e3o aderiram \u00e0 modalidade \u2014 tendo direito apenas \u00e0 multa rescis\u00f3ria de 40% paga pelo empregador.<\/p>\n<p>Como consultar o saldo do FGTS?<br \/>A consulta do saldo pode ser feita pelo site da Caixa ou pelo aplicativo do FGTS no celular. Veja como fazer:\n<\/p>\n<p>Passo 1. Baixe o aplicativo FGTS, para IOS ou Android.\n<\/p>\n<div class=\"cropped-block\">\n<div class=\"row medium-uncollapsed content-media content-photo\" data-block-type=\"backstage-photo\" data-block-id=\"8\">\n<div class=\"mc-column content-media__container\">\n<div class=\"content-media-container\">\n<figure class=\"content-media__figure\"><figcaption class=\"content-media__description\">A tela inicial do aplicativo FGTS \u2014 Foto: Reprodu\u00e7\u00e3o<\/figcaption><\/figure>\n<\/div>\n<\/div>\n<\/div>\n<\/div>\n<div class=\"cropped-block\">\n<div class=\"mc-column content-text active-extra-styles\" data-block-type=\"unstyled\" data-block-weight=\"11\" data-block-id=\"9\">\n<p class=\"content-text__container\" data-track-category=\"Link no Texto\" data-track-links=\"\" data-mrf-recirculation=\"Article links\"><strong>Passo 2<\/strong>. Selecione a op\u00e7\u00e3o \u201cCadastre-se\u201d se for seu primeiro acesso.\n<\/p>\n<\/div>\n<\/div>\n<div class=\"cropped-block\">\n<div class=\"row medium-uncollapsed content-media content-photo\" data-block-type=\"backstage-photo\" data-block-id=\"10\">\n<div class=\"mc-column content-media__container\">\n<div class=\"content-media-container\">\n<figure class=\"content-media__figure\"><img fetchpriority=\"high\" decoding=\"async\" class=\"content-media__image\" src=\"https:\/\/s2-extra.glbimg.com\/fmjJyr7wCm-IH0zoBCQwOXzTPMo=\/0x0:323x460\/984x0\/smart\/filters:strip_icc()\/i.s3.glbimg.com\/v1\/AUTH_1f551ea7087a47f39ead75f64041559a\/internal_photos\/bs\/2025\/J\/j\/lbkEpnQdOOnyuUqUaROg\/fgts2.jpg\" srcset=\"https:\/\/s2-extra.glbimg.com\/Ooc03nhLmHk3MRRYq1_TMwQDJVQ=\/0x0:323x460\/1000x0\/smart\/filters:strip_icc()\/i.s3.glbimg.com\/v1\/AUTH_1f551ea7087a47f39ead75f64041559a\/internal_photos\/bs\/2025\/J\/j\/lbkEpnQdOOnyuUqUaROg\/fgts2.jpg 1000w, https:\/\/s2-extra.glbimg.com\/fmjJyr7wCm-IH0zoBCQwOXzTPMo=\/0x0:323x460\/984x0\/smart\/filters:strip_icc()\/i.s3.glbimg.com\/v1\/AUTH_1f551ea7087a47f39ead75f64041559a\/internal_photos\/bs\/2025\/J\/j\/lbkEpnQdOOnyuUqUaROg\/fgts2.jpg 984w, https:\/\/s2-extra.glbimg.com\/BMvxEKj48qhfDx4yMT7gszW5ZI0=\/0x0:323x460\/640x0\/smart\/filters:strip_icc()\/i.s3.glbimg.com\/v1\/AUTH_1f551ea7087a47f39ead75f64041559a\/internal_photos\/bs\/2025\/J\/j\/lbkEpnQdOOnyuUqUaROg\/fgts2.jpg 640w, https:\/\/s2-extra.glbimg.com\/6-hD8QmakXGECcKYncgo3uVK9kg=\/0x0:323x460\/600x0\/smart\/filters:strip_icc()\/i.s3.glbimg.com\/v1\/AUTH_1f551ea7087a47f39ead75f64041559a\/internal_photos\/bs\/2025\/J\/j\/lbkEpnQdOOnyuUqUaROg\/fgts2.jpg 600w\" alt=\"A tela de identifica\u00e7\u00e3o via CPF para acesso \u00e0s informa\u00e7\u00f5es \u2014 Foto: Reprodu\u00e7\u00e3o\" width=\"323\" height=\"460\"\/><figcaption class=\"content-media__description\">A tela de identifica\u00e7\u00e3o via CPF para acesso \u00e0s informa\u00e7\u00f5es \u2014 Foto: Reprodu\u00e7\u00e3o<\/figcaption><\/figure>\n<\/div>\n<\/div>\n<\/div>\n<\/div>\n<p>\u00a0<\/p>\n<div class=\"cropped-block\">\n<div class=\"mc-column content-text active-extra-styles\" data-block-type=\"unstyled\" data-block-weight=\"49\" data-block-id=\"12\">\n<p class=\"content-text__container\" data-track-category=\"Link no Texto\" data-track-links=\"\" data-mrf-recirculation=\"Article links\"><strong>Passo 3<\/strong>. Preencha com o CPF e os demais dados solicitados, como nome completo, data de nascimento e e-mail. Cadastre uma senha de acesso, que deve conter apenas n\u00fameros. Para finalizar, clique no bot\u00e3o &#8220;N\u00e3o sou um rob\u00f4&#8221;. Em seguida, voc\u00ea vai receber um e-mail para confirmar o cadastro.\n<\/p>\n<\/div>\n<\/div>\n<div class=\"cropped-block\">\n<div class=\"row medium-uncollapsed content-media content-photo\" data-block-type=\"backstage-photo\" data-block-id=\"13\">\n<div class=\"mc-column content-media__container\">\n<div class=\"content-media-container\">\n<figure class=\"content-media__figure\"><img decoding=\"async\" class=\"content-media__image\" src=\"https:\/\/s2-extra.glbimg.com\/TxKBgCKZKVI9yzo_ottqNMciFMQ=\/0x0:314x288\/984x0\/smart\/filters:strip_icc()\/i.s3.glbimg.com\/v1\/AUTH_1f551ea7087a47f39ead75f64041559a\/internal_photos\/bs\/2025\/A\/l\/HFPzY6T4SM1a1RjrdGYg\/fgts3.png\" srcset=\"https:\/\/s2-extra.glbimg.com\/CWO3Yd4Ks-cd5BZQFKQVDGsTg9Y=\/0x0:314x288\/1000x0\/smart\/filters:strip_icc()\/i.s3.glbimg.com\/v1\/AUTH_1f551ea7087a47f39ead75f64041559a\/internal_photos\/bs\/2025\/A\/l\/HFPzY6T4SM1a1RjrdGYg\/fgts3.png 1000w, https:\/\/s2-extra.glbimg.com\/TxKBgCKZKVI9yzo_ottqNMciFMQ=\/0x0:314x288\/984x0\/smart\/filters:strip_icc()\/i.s3.glbimg.com\/v1\/AUTH_1f551ea7087a47f39ead75f64041559a\/internal_photos\/bs\/2025\/A\/l\/HFPzY6T4SM1a1RjrdGYg\/fgts3.png 984w, https:\/\/s2-extra.glbimg.com\/SSdnjei9Xoik3gL833Ne1st96U8=\/0x0:314x288\/640x0\/smart\/filters:strip_icc()\/i.s3.glbimg.com\/v1\/AUTH_1f551ea7087a47f39ead75f64041559a\/internal_photos\/bs\/2025\/A\/l\/HFPzY6T4SM1a1RjrdGYg\/fgts3.png 640w, https:\/\/s2-extra.glbimg.com\/xFCEK04BdHwdUiKMKmWAGi45L_s=\/0x0:314x288\/600x0\/smart\/filters:strip_icc()\/i.s3.glbimg.com\/v1\/AUTH_1f551ea7087a47f39ead75f64041559a\/internal_photos\/bs\/2025\/A\/l\/HFPzY6T4SM1a1RjrdGYg\/fgts3.png 600w\" alt=\"A tela de alerta \u2014 Foto: Reprodu\u00e7\u00e3o\" width=\"314\" height=\"288\"\/><figcaption class=\"content-media__description\">A tela de alerta \u2014 Foto: Reprodu\u00e7\u00e3o<\/figcaption><\/figure>\n<\/div>\n<\/div>\n<\/div>\n<\/div>\n<div class=\"cropped-block\">\n<div class=\"mc-column content-text active-extra-styles\" data-block-type=\"unstyled\" data-block-weight=\"46\" data-block-id=\"14\">\n<p class=\"content-text__container\" data-track-category=\"Link no Texto\" data-track-links=\"\" data-mrf-recirculation=\"Article links\"><strong>Passo 4<\/strong>. Ap\u00f3s finalizar o cadastro, abra o aplicativo e informe o CPF e a senha cadastrada. Ap\u00f3s o login, aparecer\u00e3o algumas perguntas adicionais. Basta responder. Por fim, leia e aceite as condi\u00e7\u00f5es de uso do aplicativo, clicando em concordar. Em seguida, basta acessar o saldo.\n<\/p>\n<\/div>\n<\/div>\n<div class=\"cropped-block\">\n<div class=\"mc-column content-text active-extra-styles\" data-block-type=\"raw\" data-block-weight=\"7\" data-block-id=\"15\">\n<p class=\"content-text__container\" data-mrf-recirculation=\"Article links\">\u00a0\n<\/p>\n<p><h2>Quem tem direito ao saque do FGTS?<\/h2>\n<\/p>\n<\/div>\n<\/div>\n<p>\u00a0<\/p>\n<div class=\"cropped-block\">\n<div class=\"mc-column content-text active-extra-styles\" data-block-type=\"unstyled\" data-block-weight=\"26\" data-block-id=\"17\">\n<p class=\"content-text__container\" data-track-category=\"Link no Texto\" data-track-links=\"\" data-mrf-recirculation=\"Article links\">Os saques do FGTS s\u00e3o permitidos apenas em determinadas situa\u00e7\u00f5es, como demiss\u00e3o sem justa causa, financiamento para compra da casa pr\u00f3pria, saque-anivers\u00e1rio, aposentadoria ou doen\u00e7as graves.\n<\/p>\n<\/div>\n<\/div>\n<div class=\"cropped-block\">\n<div class=\"mc-column content-text active-extra-styles\" data-block-type=\"raw\" data-block-weight=\"4\" data-block-id=\"18\">\n<p class=\"content-text__container\" data-mrf-recirculation=\"Article links\">\u00a0\n<\/p>\n<p><h2>Temor da constru\u00e7\u00e3o civil<\/h2>\n<\/p>\n<\/div>\n<\/div>\n<div class=\"cropped-block\">\n<div class=\"mc-column content-text active-extra-styles\" data-block-type=\"unstyled\" data-block-weight=\"54\" data-block-id=\"19\">\n<p class=\"content-text__container\" data-track-category=\"Link no Texto\" data-track-links=\"\" data-mrf-recirculation=\"Article links\">O setor da constru\u00e7\u00e3o civil tenta segurar a libera\u00e7\u00e3o do saldo de quem aderiu ao saque-anivers\u00e1rio e foi demitido sem justa causa com o temor de que isso possa reduzir a liquidez do Fundo de Garantia. O FGTS \u00e9 uma das principais fontes de financiamento imobili\u00e1rio do pa\u00eds, especialmente para popula\u00e7\u00e3o de renda m\u00e9dia.\n<\/p>\n<\/div>\n<\/div>\n<div class=\"cropped-block\">\n<div class=\"mc-column content-text active-extra-styles\" data-block-type=\"unstyled\" data-block-weight=\"60\" data-block-id=\"20\">\n<p class=\"content-text__container\" data-track-category=\"Link no Texto\" data-track-links=\"\" data-mrf-recirculation=\"Article links\">O impacto da nova libera\u00e7\u00e3o de recursos ser\u00e1 de R$ 12 bilh\u00f5es, o que \u00e9 considerado pelo governo como f\u00e1cil de ser absorvido, de acordo com membros do Conselho Curador do FGTS. Os riscos que est\u00e3o sendo apontados, por\u00e9m, \u00e9 como ser\u00e1 o tratamento dessa MP no Congresso Nacional, que j\u00e1 tem diversos projetos para aumentar os resgates do fundo.\n<\/p>\n<\/div>\n<\/div>\n<div class=\"cropped-block\" data-track-category=\"multicontent\" data-track-action=\"ultimo chunk conteudo\" data-track-noninteraction=\"false\" data-track-scroll=\"view\">\n<div class=\"mc-column content-text active-extra-styles\" data-block-type=\"unstyled\" data-block-weight=\"46\" data-block-id=\"21\">\n<p class=\"content-text__container\" data-track-category=\"Link no Texto\" data-track-links=\"\" data-mrf-recirculation=\"Article links\">Em 2024, o saque-anivers\u00e1rio pagou 47,4 bilh\u00f5es entre retiradas efetivas ou antecipa\u00e7\u00e3o. Segundo dados oficiais, h\u00e1 37,6 milh\u00f5es de ades\u00f5es ativas no saque-anivers\u00e1rio, o que considera contas e n\u00e3o CPFs \u2014 \u00e9 poss\u00edvel um trabalhador ter mais de uma conta, por isso, o n\u00famero \u00e9 elevado.\n<\/p>\n<p class=\"content-text__container\" data-track-category=\"Link no Texto\" data-track-links=\"\" data-mrf-recirculation=\"Article links\">\u00a0\n<\/p>\n<p class=\"content-text__container\" data-track-category=\"Link no Texto\" data-track-links=\"\" data-mrf-recirculation=\"Article links\">Fonte: Extra\n<\/p>\n<\/div>\n<\/div>\n<\/div>\n<p><br \/>\n<br \/><a href=\"https:\/\/diariodobrasilnoticias.com.br\/noticia\/fgts-saque-aniversario-confira-como-verificar-o-saldo-da-sua-conta-67bf43be4f088\">Source link <\/a><\/p>","protected":false},"excerpt":{"rendered":"<p>O que \u00e9 o saque-anivers\u00e1rio?O saque-anivers\u00e1rio permite ao trabalhador fazer uma retirada anual do Fundo no seu m\u00eas de nascimento. Mas, em contrapartida, ele n\u00e3o pode sacar todo o saldo&hellip;<\/p>","protected":false},"author":1,"featured_media":106803,"comment_status":"closed","ping_status":"open","sticky":false,"template":"","format":"standard","meta":{"content-type":"","footnotes":""},"categories":[16],"tags":[123,2448,5313,1267],"class_list":["post-106802","post","type-post","status-publish","format-standard","has-post-thumbnail","hentry","category-noticias","tag-brasil","tag-diario","tag-noticia","tag-noticias"],"_links":{"self":[{"href":"https:\/\/tvbrazilusa.com\/pt\/wp-json\/wp\/v2\/posts\/106802","targetHints":{"allow":["GET"]}}],"collection":[{"href":"https:\/\/tvbrazilusa.com\/pt\/wp-json\/wp\/v2\/posts"}],"about":[{"href":"https:\/\/tvbrazilusa.com\/pt\/wp-json\/wp\/v2\/types\/post"}],"author":[{"embeddable":true,"href":"https:\/\/tvbrazilusa.com\/pt\/wp-json\/wp\/v2\/users\/1"}],"replies":[{"embeddable":true,"href":"https:\/\/tvbrazilusa.com\/pt\/wp-json\/wp\/v2\/comments?post=106802"}],"version-history":[{"count":1,"href":"https:\/\/tvbrazilusa.com\/pt\/wp-json\/wp\/v2\/posts\/106802\/revisions"}],"predecessor-version":[{"id":106804,"href":"https:\/\/tvbrazilusa.com\/pt\/wp-json\/wp\/v2\/posts\/106802\/revisions\/106804"}],"wp:featuredmedia":[{"embeddable":true,"href":"https:\/\/tvbrazilusa.com\/pt\/wp-json\/wp\/v2\/media\/106803"}],"wp:attachment":[{"href":"https:\/\/tvbrazilusa.com\/pt\/wp-json\/wp\/v2\/media?parent=106802"}],"wp:term":[{"taxonomy":"category","embeddable":true,"href":"https:\/\/tvbrazilusa.com\/pt\/wp-json\/wp\/v2\/categories?post=106802"},{"taxonomy":"post_tag","embeddable":true,"href":"https:\/\/tvbrazilusa.com\/pt\/wp-json\/wp\/v2\/tags?post=106802"}],"curies":[{"name":"wp","href":"https:\/\/api.w.org\/{rel}","templated":true}]}}