{"id":106808,"date":"2025-02-26T19:12:38","date_gmt":"2025-02-26T19:12:38","guid":{"rendered":"https:\/\/tvbrazilusa.com\/2025\/02\/26\/carol-de-toni-denuncia-nova-irregularidade-no-pe-de-meia\/"},"modified":"2025-02-26T19:12:39","modified_gmt":"2025-02-26T19:12:39","slug":"carol-de-toni-denuncia-nova-irregularidade-no-pe-de-meia","status":"publish","type":"post","link":"https:\/\/tvbrazilusa.com\/pt\/2025\/02\/26\/carol-de-toni-denuncia-nova-irregularidade-no-pe-de-meia\/","title":{"rendered":"Carol De Toni denuncia nova irregularidade no P\u00e9-de-Meia"},"content":{"rendered":"<p> <script async src=\"https:\/\/pagead2.googlesyndication.com\/pagead\/js\/adsbygoogle.js?client=ca-pub-8864793242727901\"\r\n     crossorigin=\"anonymous\"><\/script><br \/>\n<\/p>\n<div id=\"taboola-read-more\" style=\"display:block; width:100%\">\n<p>A l\u00edder da minoria na C\u00e2mara, deputada Carol De Toni (PL-SC), acionou o Tribunal de Contas da Uni\u00e3o (TCU) com uma den\u00fancia de nova irregularidade no programa P\u00e9-de-Meia. A a\u00e7\u00e3o foi encaminhada nesta quarta-feira, 26.\n<\/p>\n<p>Carol De Toni questiona na Corte de Contas a falta de informa\u00e7\u00f5es sobre os 4 milh\u00f5es de estudantes que receberam os recursos do P\u00e9-de-Meia. O presidente Luiz In\u00e1cio Lula da Silva anunciou o pagamento do recurso em rede nacional na segunda-feira 24.<\/p>\n<p>\u201cNem a Caixa Econ\u00f4mica Federal nem o Minist\u00e9rio da Educa\u00e7\u00e3o possuem qualquer controle sobre esses pagamentos, conforme informa\u00e7\u00f5es enviadas ao Tribunal de Contas da Uni\u00e3o\u201d, disse Carol De Toni. \u201cOu seja, o governo simplesmente enviou o dinheiro e agora n\u00e3o consegue prestar contas do uso dos recursos p\u00fablicos.\u201d\n<\/p>\n<p>A l\u00edder da minoria salientou que este n\u00e3o \u00e9 o primeiro epis\u00f3dio de suposta irregularidade que envolve o programa. Na semana passada, a deputada denunciou na tribuna da C\u00e2mara as \u201cpedaladas fiscais\u201d em rela\u00e7\u00e3o \u00e0s \u201copera\u00e7\u00f5es financeiras proibidas entre a Caixa e o Fundo do Programa\u201d.\n<\/p>\n<p>Outro ponto levantado por Carol De Toni foi a libera\u00e7\u00e3o de R$ 5 bilh\u00f5es no ano passado por meio de \u201cum or\u00e7amento paralelo, sem aprova\u00e7\u00e3o oficial\u201d pelo Congresso Nacional.\n<\/p>\n<p>\u201c\u00c9 inaceit\u00e1vel que recursos p\u00fablicos sejam administrados dessa forma, como se o suor do trabalhador brasileiro n\u00e3o valesse nada\u201d, afirmou. \u201cN\u00e3o vamos nos calar e n\u00e3o pararemos at\u00e9 que todas as manobras, irresponsabilidades e ilegalidades sejam expostas. N\u00e3o permitiremos que Lula e sua turma continuem brincando com o dinheiro do povo.\u201d\n<\/p>\n<h2 class=\"wp-block-heading\">TCU libera recursos do P\u00e9-de-Meia<\/h2>\n<p>No \u00faltimo dia 12, o Tribunal de Contas da Uni\u00e3o decidiu liberar os repasses do Programa P\u00e9-de-Meia, garantindo a manuten\u00e7\u00e3o das mesadas a cerca de 4 milh\u00f5es de estudantes. Destinado a jovens de 14 a 24 anos pertencentes a fam\u00edlias benefici\u00e1rias do Bolsa Fam\u00edlia, o programa tem como objetivo reduzir a evas\u00e3o escolar e facilitar o acesso ao ensino superior.\n<\/p>\n<p>Embora tenha liberado os pagamentos, o TCU determinou que o governo Lula corrija as irregularidades identificadas e integre o programa ao Or\u00e7amento de 2025, estabelecendo um prazo de 120 dias para as adequa\u00e7\u00f5es. A decis\u00e3o contraria a estrat\u00e9gia inicial do governo, que planejava incluir os pagamentos apenas no Or\u00e7amento de 2026.\n<\/p>\n<p>Durante a sess\u00e3o, o ministro Bruno Dantas sugeriu que os repasses fossem mantidos caso o Congresso Nacional demorasse a votar a inclus\u00e3o do programa no Or\u00e7amento, mas enfrentou resist\u00eancia do ministro Jorge Oliveira.\n<\/p>\n<p>J\u00e1 o ministro Augusto Nardes ressaltou que, caso as falhas n\u00e3o sejam corrigidas, novas medidas cautelares poder\u00e3o ser adotadas. Representando a gest\u00e3o federal, o advogado Andr\u00e9 Dantas destacou a inten\u00e7\u00e3o do governo de manter o di\u00e1logo com o Congresso para viabilizar o programa de forma definitiva.\n<\/p>\n<p>Fonte: Revista Oeste<\/p>\n<\/p><\/div>\n<p><br \/>\n<br \/><a href=\"https:\/\/diariodobrasilnoticias.com.br\/noticia\/carol-de-toni-denuncia-nova-irregularidade-no-pe-de-meia-67bf48f5e4216\">Source link <\/a><\/p>","protected":false},"excerpt":{"rendered":"<p>A l\u00edder da minoria na C\u00e2mara, deputada Carol De Toni (PL-SC), acionou o Tribunal de Contas da Uni\u00e3o (TCU) com uma den\u00fancia de nova irregularidade no programa P\u00e9-de-Meia. A a\u00e7\u00e3o&hellip;<\/p>","protected":false},"author":1,"featured_media":106809,"comment_status":"closed","ping_status":"open","sticky":false,"template":"","format":"standard","meta":{"content-type":"","footnotes":""},"categories":[16],"tags":[123,2448,5313,1267],"class_list":["post-106808","post","type-post","status-publish","format-standard","has-post-thumbnail","hentry","category-noticias","tag-brasil","tag-diario","tag-noticia","tag-noticias"],"_links":{"self":[{"href":"https:\/\/tvbrazilusa.com\/pt\/wp-json\/wp\/v2\/posts\/106808","targetHints":{"allow":["GET"]}}],"collection":[{"href":"https:\/\/tvbrazilusa.com\/pt\/wp-json\/wp\/v2\/posts"}],"about":[{"href":"https:\/\/tvbrazilusa.com\/pt\/wp-json\/wp\/v2\/types\/post"}],"author":[{"embeddable":true,"href":"https:\/\/tvbrazilusa.com\/pt\/wp-json\/wp\/v2\/users\/1"}],"replies":[{"embeddable":true,"href":"https:\/\/tvbrazilusa.com\/pt\/wp-json\/wp\/v2\/comments?post=106808"}],"version-history":[{"count":1,"href":"https:\/\/tvbrazilusa.com\/pt\/wp-json\/wp\/v2\/posts\/106808\/revisions"}],"predecessor-version":[{"id":106810,"href":"https:\/\/tvbrazilusa.com\/pt\/wp-json\/wp\/v2\/posts\/106808\/revisions\/106810"}],"wp:featuredmedia":[{"embeddable":true,"href":"https:\/\/tvbrazilusa.com\/pt\/wp-json\/wp\/v2\/media\/106809"}],"wp:attachment":[{"href":"https:\/\/tvbrazilusa.com\/pt\/wp-json\/wp\/v2\/media?parent=106808"}],"wp:term":[{"taxonomy":"category","embeddable":true,"href":"https:\/\/tvbrazilusa.com\/pt\/wp-json\/wp\/v2\/categories?post=106808"},{"taxonomy":"post_tag","embeddable":true,"href":"https:\/\/tvbrazilusa.com\/pt\/wp-json\/wp\/v2\/tags?post=106808"}],"curies":[{"name":"wp","href":"https:\/\/api.w.org\/{rel}","templated":true}]}}