{"id":106811,"date":"2025-02-26T19:24:27","date_gmt":"2025-02-26T19:24:27","guid":{"rendered":"https:\/\/tvbrazilusa.com\/2025\/02\/26\/janja-gasta-valor-exorbitante-em-passagens-areas-de-classe-executiva-para-ir-e-voltar-de-roma-confira\/"},"modified":"2025-02-26T19:24:28","modified_gmt":"2025-02-26T19:24:28","slug":"janja-gasta-valor-exorbitante-em-passagens-areas-de-classe-executiva-para-ir-e-voltar-de-roma-confira","status":"publish","type":"post","link":"https:\/\/tvbrazilusa.com\/pt\/2025\/02\/26\/janja-gasta-valor-exorbitante-em-passagens-areas-de-classe-executiva-para-ir-e-voltar-de-roma-confira\/","title":{"rendered":"Janja gasta valor exorbitante em passagens \u00e1reas de classe executiva para ir e voltar de Roma; confira"},"content":{"rendered":"<p> <script async src=\"https:\/\/pagead2.googlesyndication.com\/pagead\/js\/adsbygoogle.js?client=ca-pub-8864793242727901\"\r\n     crossorigin=\"anonymous\"><\/script><br \/>\n<\/p>\n<div id=\"taboola-read-more\" style=\"display:block; width:100%\">\n<p>A primeira-dama Janja da Silva, a Janja, gastou R$ 34,1 mil em passagens \u00e1reas de classe executiva para ir e voltar de Roma, segundo revelou o Estad\u00e3o.\n<\/p>\n<p>Esse tipo de assento em aeronaves \u00e9 considerado mais confort\u00e1vel e espa\u00e7oso, por\u00e9m, com custo acima do que uma poltrona da classe econ\u00f4mica.<\/p>\n<p>Janja viajou em 9 de fevereiro e retornou ao Brasil em 13 de fevereiro.\n<\/p>\n<p>Mesmo sem cargo no governo, a primeira-dama comp\u00f4s a comitiva que teve o total de 13 pessoas.\n<\/p>\n<p>Ao todo, o grupo gastou R$ 292 mil em passagens a\u00e9reas e di\u00e1rias.\n<\/p>\n<p>Na capital italiana, Janja participou de eventos da Alian\u00e7a Global contra a Fome e a Pobreza, al\u00e9m de se encontrar com o Papa Francisco.\n<\/p>\n<p>Em nota, a Secom (Secretaria de Comunica\u00e7\u00e3o) afirmou que Janja viajou como \u201ccolaboradora\u201d do Minist\u00e9rio do Desenvolvimento e Assist\u00eancia, Social, Fam\u00edlia e Combate \u00e0 Fome.\n<\/p>\n<p><em>\u201cA primeira-dama, Janja Lula da Silva, esteve em Roma a convite do Fundo Internacional de Desenvolvimento Agr\u00e1rio \u2013 FIDA \u2013 para participar da abertura da Reuni\u00e3o do Conselho de Governan\u00e7a do FIDA, e outras agendas em torno do tema da Alian\u00e7a Global Contra a Fome e a Pobreza.<\/em>\n<\/p>\n<p><em>Janja viajou como colaboradora do Minist\u00e9rio do Desenvolvimento e Assist\u00eancia Social, Fam\u00edlia e Combate \u00e0 Fome. Para informa\u00e7\u00f5es sobre custos da viagem, sugerimos consultar o minist\u00e9rio.<\/em>\u00a0<em>Quanto \u00e0 hospedagem, \u2060Janja Lula da Silva hospedou-se na Resid\u00eancia Oficial do Brasil em Roma\u201d<\/em>, diz.\n<\/p>\n<p><strong>Mais gastos<\/strong>\n<\/p>\n<p>Depois do \u201cJanjapalooza\u201d e \u201cJanj\u00f4metro\u201d, os gastos de Janja da Silva, com sua \u2018equipe informal\u2019, numa esp\u00e9cie de gabinete paralelo, foram revelados pelo Estad\u00e3o.\n<\/p>\n<p>O \u2018Time Janja\u2018 \u00e9 composto por assessores de imprensa, fot\u00f3grafos, especialistas em redes sociais e um militar.\n<\/p>\n<p>Em sal\u00e1rios, a equipe custa, mensalmente, em torno de R$ 160 mil reais mensais.\n<\/p>\n<p>Desde o in\u00edcio do governo Lula (PT), em 2023, os gastos para a viagem dos integrantes ultrapassaram R$ 1,2 milh\u00e3o.\n<\/p>\n<p><strong>O Antagonista<\/strong>              <\/p>\n<\/div>\n<p><br \/>\n<br \/><a href=\"https:\/\/diariodobrasilnoticias.com.br\/noticia\/janja-gasta-valor-exorbitante-em-passagens-areas-de-classe-executiva-para-ir-e-voltar-de-roma-confira-67bf46365e648\">Source link <\/a><\/p>","protected":false},"excerpt":{"rendered":"<p>A primeira-dama Janja da Silva, a Janja, gastou R$ 34,1 mil em passagens \u00e1reas de classe executiva para ir e voltar de Roma, segundo revelou o Estad\u00e3o. Esse tipo de&hellip;<\/p>","protected":false},"author":1,"featured_media":106812,"comment_status":"closed","ping_status":"open","sticky":false,"template":"","format":"standard","meta":{"content-type":"","footnotes":""},"categories":[16],"tags":[123,2448,5313,1267],"class_list":["post-106811","post","type-post","status-publish","format-standard","has-post-thumbnail","hentry","category-noticias","tag-brasil","tag-diario","tag-noticia","tag-noticias"],"_links":{"self":[{"href":"https:\/\/tvbrazilusa.com\/pt\/wp-json\/wp\/v2\/posts\/106811","targetHints":{"allow":["GET"]}}],"collection":[{"href":"https:\/\/tvbrazilusa.com\/pt\/wp-json\/wp\/v2\/posts"}],"about":[{"href":"https:\/\/tvbrazilusa.com\/pt\/wp-json\/wp\/v2\/types\/post"}],"author":[{"embeddable":true,"href":"https:\/\/tvbrazilusa.com\/pt\/wp-json\/wp\/v2\/users\/1"}],"replies":[{"embeddable":true,"href":"https:\/\/tvbrazilusa.com\/pt\/wp-json\/wp\/v2\/comments?post=106811"}],"version-history":[{"count":1,"href":"https:\/\/tvbrazilusa.com\/pt\/wp-json\/wp\/v2\/posts\/106811\/revisions"}],"predecessor-version":[{"id":106813,"href":"https:\/\/tvbrazilusa.com\/pt\/wp-json\/wp\/v2\/posts\/106811\/revisions\/106813"}],"wp:featuredmedia":[{"embeddable":true,"href":"https:\/\/tvbrazilusa.com\/pt\/wp-json\/wp\/v2\/media\/106812"}],"wp:attachment":[{"href":"https:\/\/tvbrazilusa.com\/pt\/wp-json\/wp\/v2\/media?parent=106811"}],"wp:term":[{"taxonomy":"category","embeddable":true,"href":"https:\/\/tvbrazilusa.com\/pt\/wp-json\/wp\/v2\/categories?post=106811"},{"taxonomy":"post_tag","embeddable":true,"href":"https:\/\/tvbrazilusa.com\/pt\/wp-json\/wp\/v2\/tags?post=106811"}],"curies":[{"name":"wp","href":"https:\/\/api.w.org\/{rel}","templated":true}]}}