{"id":106814,"date":"2025-02-26T19:36:18","date_gmt":"2025-02-26T19:36:18","guid":{"rendered":"https:\/\/tvbrazilusa.com\/2025\/02\/26\/stf-cobra-itamaraty-por-reacao-diplomatica-a-acoes-contra-moraes-nos-eua\/"},"modified":"2025-02-26T19:36:20","modified_gmt":"2025-02-26T19:36:20","slug":"stf-cobra-itamaraty-por-reacao-diplomatica-a-acoes-contra-moraes-nos-eua","status":"publish","type":"post","link":"https:\/\/tvbrazilusa.com\/pt\/2025\/02\/26\/stf-cobra-itamaraty-por-reacao-diplomatica-a-acoes-contra-moraes-nos-eua\/","title":{"rendered":"STF cobra Itamaraty por rea\u00e7\u00e3o diplom\u00e1tica a a\u00e7\u00f5es contra Moraes nos EUA"},"content":{"rendered":"<p> <script async src=\"https:\/\/pagead2.googlesyndication.com\/pagead\/js\/adsbygoogle.js?client=ca-pub-8864793242727901\"\r\n     crossorigin=\"anonymous\"><\/script><br \/>\n<\/p>\n<div id=\"taboola-read-more\" style=\"display:block; width:100%\">\n<p>Ministros de diferentes alas do Supremo Tribunal Federal (STF) interpretam as movimenta\u00e7\u00f5es do empres\u00e1rio Elon Musk e de setores da base de Donald Trump contra Alexandre de Moraes como um ataque institucional \u00e0 Corte. A apura\u00e7\u00e3o \u00e9 do portal g1.\n<\/p>\n<p>Diante disso, os magistrados passaram a defender uma resposta diplom\u00e1tica formal que enfatize a hist\u00f3rica rela\u00e7\u00e3o de coopera\u00e7\u00e3o entre Brasil e Estados Unidos.<\/p>\n<p>Apesar de reconhecerem que uma eventual interven\u00e7\u00e3o do Itamaraty carrega riscos pol\u00edticos, esses ministros afirmam que n\u00e3o podem permanecer inertes diante do que classificam como \u201cm\u00faltiplas frentes de constrangimento institucional\u201d.\n<\/p>\n<p>Um integrante da Primeira Turma, da qual Moraes faz parte, enxerga as tentativas de desmoralizar o ministro como parte de um esfor\u00e7o maior para enfraquecer o Supremo e o Judici\u00e1rio brasileiro.\n<\/p>\n<p>O mesmo ministro defende uma rea\u00e7\u00e3o diplom\u00e1tica oficial e, em discuss\u00f5es internas, ressaltou que os ataques de Musk em sua rede social n\u00e3o s\u00e3o casos isolados. Nos Estados Unidos, h\u00e1 um projeto em tramita\u00e7\u00e3o no Legislativo que busca impedir a entrada de Moraes no pa\u00eds.\n<\/p>\n<p>Moraes est\u00e1 \u2018firme e sereno\u2019, dizem integrantes do STF<br \/>Al\u00e9m disso, Musk, em sua posi\u00e7\u00e3o de colaborador de Trump, tem acesso a dados da Receita Federal americana e usou sua plataforma para divulgar informa\u00e7\u00f5es de um perfil an\u00f4nimo, que sugeriu que Moraes retirou investimentos dos Estados Unidos.\n<\/p>\n<p>Dentro do STF, colegas afirmam que o ministro segue \u201cfirme e sereno\u201d em sua postura, apesar da press\u00e3o. Ainda assim, a Corte entende que a diplomacia americana precisa se envolver formalmente.\n<\/p>\n<p>O governo dos EUA tem uma s\u00e9rie de processos tramitando no Judici\u00e1rio brasileiro, incluindo pedidos de extradi\u00e7\u00e3o. Eles acreditam que a pol\u00edtica de reciprocidade deve \u201cgarantir o respeito \u00e0 autonomia do STF\u201d.\n<\/p>\n<p>Embora reconhe\u00e7am que acionar o Itamaraty pode alimentar a politiza\u00e7\u00e3o da crise, os ministros afirmam que \u00e9 necess\u00e1rio utilizar os mecanismos institucionais dispon\u00edveis.\n<\/p>\n<p>\u201cN\u00e3o podemos simplesmente assistir\u201d, disse um ministro. \u201cA extrema-direita na Europa tem adotado esse mesmo tipo de ataque. A resposta precisa ser diplom\u00e1tica, porque o ataque \u00e9 diplom\u00e1tico.\u201d\n<\/p>\n<p><strong>Movimenta\u00e7\u00f5es do Itamaraty<\/strong>\n<\/p>\n<p>A c\u00fapula do Itamaraty est\u00e1 em um impasse e avalia se vai intervir ou n\u00e3o na crescente tens\u00e3o entre o ministro Alexandre de Moraes e o governo de Donald Trump, presidente dos Estados Unidos.\n<\/p>\n<p>De acordo com informa\u00e7\u00f5es do portal Metr\u00f3poles, integrantes do c\u00edrculo pr\u00f3ximo de Lula cobram uma postura mais proativa do Minist\u00e9rio das Rela\u00e7\u00f5es Exteriores, similar \u00e0 adotada pela Advocacia-Geral da Uni\u00e3o, chefiada por Jorge Messias. Agora, ju\u00edzes do STF tamb\u00e9m apoiam a ideia e pressionam o Itamaraty a agir em defesa de Moraes.\n<\/p>\n<p>A lideran\u00e7a do Minist\u00e9rio das Rela\u00e7\u00f5es Exteriores est\u00e1 aturdida, segundo o Metr\u00f3poles. A avalia\u00e7\u00e3o inicial dos embaixadores \u00e9 de que a pasta n\u00e3o deveria se envolver, visto que quem processa Moraes \u00e9 a Trump Media, uma empresa privada de Donald Trump, e n\u00e3o o presidente dos Estados Unidos no exerc\u00edcio de sua fun\u00e7\u00e3o.\n<\/p>\n<p>J\u00e1 os aliados de Lula e magistrados do STF defendem que o Itamaraty n\u00e3o pode \u201cacovardar\u201d e deixar a situa\u00e7\u00e3o seguir sem interven\u00e7\u00e3o. Eles consideram que uma omiss\u00e3o pode agravar o desgaste diplom\u00e1tico entre Brasil e seu principal parceiro comercial.\n<\/p>\n<p>Fonte: Revista Oeste              <\/p>\n<\/div>\n<p><br \/>\n<br \/><a href=\"https:\/\/diariodobrasilnoticias.com.br\/noticia\/stf-cobra-itamaraty-por-reacao-diplomatica-a-acoes-contra-moraes-nos-eua-67bf52c005515\">Source link <\/a><\/p>","protected":false},"excerpt":{"rendered":"<p>Ministros de diferentes alas do Supremo Tribunal Federal (STF) interpretam as movimenta\u00e7\u00f5es do empres\u00e1rio Elon Musk e de setores da base de Donald Trump contra Alexandre de Moraes como um&hellip;<\/p>","protected":false},"author":1,"featured_media":106815,"comment_status":"closed","ping_status":"open","sticky":false,"template":"","format":"standard","meta":{"content-type":"","footnotes":""},"categories":[16],"tags":[123,2448,5313,1267],"class_list":["post-106814","post","type-post","status-publish","format-standard","has-post-thumbnail","hentry","category-noticias","tag-brasil","tag-diario","tag-noticia","tag-noticias"],"_links":{"self":[{"href":"https:\/\/tvbrazilusa.com\/pt\/wp-json\/wp\/v2\/posts\/106814","targetHints":{"allow":["GET"]}}],"collection":[{"href":"https:\/\/tvbrazilusa.com\/pt\/wp-json\/wp\/v2\/posts"}],"about":[{"href":"https:\/\/tvbrazilusa.com\/pt\/wp-json\/wp\/v2\/types\/post"}],"author":[{"embeddable":true,"href":"https:\/\/tvbrazilusa.com\/pt\/wp-json\/wp\/v2\/users\/1"}],"replies":[{"embeddable":true,"href":"https:\/\/tvbrazilusa.com\/pt\/wp-json\/wp\/v2\/comments?post=106814"}],"version-history":[{"count":1,"href":"https:\/\/tvbrazilusa.com\/pt\/wp-json\/wp\/v2\/posts\/106814\/revisions"}],"predecessor-version":[{"id":106816,"href":"https:\/\/tvbrazilusa.com\/pt\/wp-json\/wp\/v2\/posts\/106814\/revisions\/106816"}],"wp:featuredmedia":[{"embeddable":true,"href":"https:\/\/tvbrazilusa.com\/pt\/wp-json\/wp\/v2\/media\/106815"}],"wp:attachment":[{"href":"https:\/\/tvbrazilusa.com\/pt\/wp-json\/wp\/v2\/media?parent=106814"}],"wp:term":[{"taxonomy":"category","embeddable":true,"href":"https:\/\/tvbrazilusa.com\/pt\/wp-json\/wp\/v2\/categories?post=106814"},{"taxonomy":"post_tag","embeddable":true,"href":"https:\/\/tvbrazilusa.com\/pt\/wp-json\/wp\/v2\/tags?post=106814"}],"curies":[{"name":"wp","href":"https:\/\/api.w.org\/{rel}","templated":true}]}}