{"id":106817,"date":"2025-02-26T19:38:12","date_gmt":"2025-02-26T19:38:12","guid":{"rendered":"https:\/\/tvbrazilusa.com\/2025\/02\/26\/grupo-se-reune-contra-a-possibilidade-de-nova-prisao-de-duval-jacksonville-hoje\/"},"modified":"2025-02-26T19:39:57","modified_gmt":"2025-02-26T19:39:57","slug":"grupo-se-reune-contra-a-possibilidade-de-nova-prisao-de-duval-jacksonville-hoje","status":"publish","type":"post","link":"https:\/\/tvbrazilusa.com\/pt\/2025\/02\/26\/grupo-se-reune-contra-a-possibilidade-de-nova-prisao-de-duval-jacksonville-hoje\/","title":{"rendered":"Grupo se re\u00fane contra a possibilidade de nova pris\u00e3o de Duval | Jacksonville hoje"},"content":{"rendered":"<p> <script async src=\"https:\/\/pagead2.googlesyndication.com\/pagead\/js\/adsbygoogle.js?client=ca-pub-8864793242727901\"\r\n     crossorigin=\"anonymous\"><\/script><br \/>\n<\/p>\n<div>\n<p>Um grupo de base em Jacksonville est\u00e1 protestando contra a possibilidade de construir uma nova instala\u00e7\u00e3o de deten\u00e7\u00e3o do condado de Duval nos arredores do centro de Jacksonville.<\/p>\n<p>O Comit\u00ea de A\u00e7\u00e3o Comunit\u00e1ria de Jacksonville demonstrou antes da reuni\u00e3o do Conselho da Cidade de ter\u00e7a -feira, dizendo que os planos da cidade de potencialmente transferir a pris\u00e3o da East Bay Street para um local diferente est\u00e3o sendo considerados sem informa\u00e7\u00f5es diretas, ou uma vota\u00e7\u00e3o do povo.<\/p>\n<p>Os manifestantes cantaram &#8220;nenhuma nova pris\u00e3o&#8221; e sustentaram sinais dizendo &#8220;Invista na comunidade&#8221;.<\/p>\n<p>A organizadora Monica Gold se preocupa com o que ela chama de um acordo de bastidores porque a cidade n\u00e3o explicou onde <a href=\"https:\/\/jaxtoday.org\/2024\/05\/13\/duval-jail-report-calls-for-a-new-public-safety-campus\/\">uma pris\u00e3o de bilh\u00f5es de d\u00f3lares<\/a> seria constru\u00eddo ou de onde viria o dinheiro.  <\/p>\n<p>No ano passado, um comit\u00ea especial do Conselho da Cidade foi contratado para revisar as instala\u00e7\u00f5es do escrit\u00f3rio do xerife. O comit\u00ea foi acusado de explorar locais, custos, assist\u00eancia m\u00e9dica, assist\u00eancia m\u00e9dica e outros problemas envolvidos na mudan\u00e7a da pris\u00e3o, mas nenhuma a\u00e7\u00e3o foi tomada ainda.<\/p>\n<p>As autoridades da cidade dizem que uma nova instala\u00e7\u00e3o permitiria uma abordagem mais moderna ao encarceramento, com foco em servi\u00e7os m\u00e9dicos e reabilita\u00e7\u00e3o em um ambiente no estilo do campus.<\/p>\n<p>O membro do Conselho da Cidade de Jacksonville, Ken Amaro, disse que a id\u00e9ia de uma nova pris\u00e3o \u00e9 o topo de esp\u00edrito para ele.<\/p>\n<p>Falando quarta -feira no WJCT&#8217;s <em><a href=\"https:\/\/news.wjct.org\/show\/first-coast-connect\" rel=\"nofollow noopener\" target=\"_blank\">First Coast Connect<\/a> <\/em>Programa, Amaro apontou para estudos que mostram que o edif\u00edcio \u00e9 lamentavelmente inadequado e as pessoas nesta comunidade querem se sentir seguras, mas uma nova pris\u00e3o ainda est\u00e1 apenas nos palcos falantes no n\u00edvel do conselho. <\/p>\n<p>\u201c\u00c9 lament\u00e1vel que a narrativa ontem tenha parecido que houve uma decis\u00e3o pendente, que a legisla\u00e7\u00e3o havia sido introduzida, uma vota\u00e7\u00e3o estava chegando. Tenho certeza de que, \u00e0 medida que passarmos pelas delibera\u00e7\u00f5es, tudo isso ser\u00e1 levado para o contexto. \u201d  <\/p>\n<p>Enquanto isso, os organizadores do Comit\u00ea de A\u00e7\u00e3o Comunit\u00e1ria dizem que uma nova pris\u00e3o n\u00e3o \u00e9 necess\u00e1ria.<\/p>\n<p>&#8220;Eles precisam consertar o atual que existe&#8221;, disse Monica Gold. &#8220;Se eles se importam tanto com a humanidade dos presos, eles devem abordar isso aqui e agora com a pris\u00e3o atual&#8221;. <\/p>\n<p>Os organizadores dizem que os fundos p\u00fablicos seriam melhor gastos em moradias, cuidados de sa\u00fade e infraestrutura acess\u00edveis, especialmente no Northside de Jacksonville.<\/p>\n<\/div>\n<p><br \/>\n<br \/><a href=\"https:\/\/jaxtoday.org\/2025\/02\/26\/duval-jail-protest\/\">Source link <\/a><\/p>","protected":false},"excerpt":{"rendered":"<p>Um grupo de base em Jacksonville est\u00e1 protestando contra a possibilidade de construir uma nova instala\u00e7\u00e3o de deten\u00e7\u00e3o do condado de Duval nos arredores do centro de Jacksonville. O Comit\u00ea&hellip;<\/p>","protected":false},"author":1,"featured_media":106818,"comment_status":"closed","ping_status":"open","sticky":false,"template":"","format":"standard","meta":{"content-type":"","footnotes":""},"categories":[1],"tags":[],"class_list":["post-106817","post","type-post","status-publish","format-standard","has-post-thumbnail","hentry","category-uncategorized"],"_links":{"self":[{"href":"https:\/\/tvbrazilusa.com\/pt\/wp-json\/wp\/v2\/posts\/106817","targetHints":{"allow":["GET"]}}],"collection":[{"href":"https:\/\/tvbrazilusa.com\/pt\/wp-json\/wp\/v2\/posts"}],"about":[{"href":"https:\/\/tvbrazilusa.com\/pt\/wp-json\/wp\/v2\/types\/post"}],"author":[{"embeddable":true,"href":"https:\/\/tvbrazilusa.com\/pt\/wp-json\/wp\/v2\/users\/1"}],"replies":[{"embeddable":true,"href":"https:\/\/tvbrazilusa.com\/pt\/wp-json\/wp\/v2\/comments?post=106817"}],"version-history":[{"count":1,"href":"https:\/\/tvbrazilusa.com\/pt\/wp-json\/wp\/v2\/posts\/106817\/revisions"}],"predecessor-version":[{"id":106819,"href":"https:\/\/tvbrazilusa.com\/pt\/wp-json\/wp\/v2\/posts\/106817\/revisions\/106819"}],"wp:featuredmedia":[{"embeddable":true,"href":"https:\/\/tvbrazilusa.com\/pt\/wp-json\/wp\/v2\/media\/106818"}],"wp:attachment":[{"href":"https:\/\/tvbrazilusa.com\/pt\/wp-json\/wp\/v2\/media?parent=106817"}],"wp:term":[{"taxonomy":"category","embeddable":true,"href":"https:\/\/tvbrazilusa.com\/pt\/wp-json\/wp\/v2\/categories?post=106817"},{"taxonomy":"post_tag","embeddable":true,"href":"https:\/\/tvbrazilusa.com\/pt\/wp-json\/wp\/v2\/tags?post=106817"}],"curies":[{"name":"wp","href":"https:\/\/api.w.org\/{rel}","templated":true}]}}