{"id":106820,"date":"2025-02-26T19:48:03","date_gmt":"2025-02-26T19:48:03","guid":{"rendered":"https:\/\/tvbrazilusa.com\/2025\/02\/26\/o-pronunciamento-de-padilha-sobre-a-demissao-de-nisia\/"},"modified":"2025-02-26T19:48:04","modified_gmt":"2025-02-26T19:48:04","slug":"o-pronunciamento-de-padilha-sobre-a-demissao-de-nisia","status":"publish","type":"post","link":"https:\/\/tvbrazilusa.com\/pt\/2025\/02\/26\/o-pronunciamento-de-padilha-sobre-a-demissao-de-nisia\/","title":{"rendered":"O pronunciamento de Padilha sobre a demiss\u00e3o de N\u00edsia"},"content":{"rendered":"<p> <script async src=\"https:\/\/pagead2.googlesyndication.com\/pagead\/js\/adsbygoogle.js?client=ca-pub-8864793242727901\"\r\n     crossorigin=\"anonymous\"><\/script><br \/>\n<\/p>\n<div id=\"taboola-read-more\" style=\"display:block; width:100%\">\n<p>O atual ministro das Rela\u00e7\u00f5es Institucionais (SRI), Alexandre Padilha, se pronunciou nas redes sociais sobre a demiss\u00e3o de N\u00edsia Trindade do Minist\u00e9rio da Sa\u00fade. O petista assume a pasta a partir de 6 de mar\u00e7o, a convite do presidente Lula.\n<\/p>\n<p>Em uma publica\u00e7\u00e3o no Instagram, Padilha disse ter aceitado a \u201cnova miss\u00e3o\u201d de substituir N\u00edsia com \u201cmuita honra\u201d. O ministro j\u00e1 chefiou a Sa\u00fade durante o governo de Dilma Rousseff (PT), entre 2011 e 2014.<\/p>\n<p>\u201cSei do desafio que isso representa, sendo o Brasil o \u00fanico pa\u00eds do mundo com popula\u00e7\u00e3o maior que 100 milh\u00f5es de habitantes com um sistema de sa\u00fade p\u00fablico, gratuito e universal\u201d, declarou.\n<\/p>\n<p>Padilha disse ter recebido o comando de Lula para \u201cfortalecer\u201d o Sistema \u00danico de Sa\u00fade (SUS) com o objetivo de reduzir o \u201ctempo de espera de quem busca cuidado na rede de sa\u00fade\u201d. \u201cVou me dedicar integralmente\u201d, afirmou.\n<\/p>\n<p>\u201cTenho profunda admira\u00e7\u00e3o e carinho pela minha amiga N\u00edsia Trindade, com quem tive a honra de trabalhar nesses dois anos\u201d, disse. \u201cDeixa um legado de reconstru\u00e7\u00e3o do SUS, ap\u00f3s anos de gest\u00f5es negacionistas, que nos custaram centenas de milhares de vidas.\u201d\n<\/p>\n<p><strong>Padilha fala sobre atua\u00e7\u00e3o na SRI<\/strong><br \/>O ministro de Lula tamb\u00e9m agradeceu os dois anos \u00e0 frente da Secretaria de Rela\u00e7\u00f5es Institucionais, assim como aos presidentes das Casas Legislativas \u00e0 \u00e9poca: Arthur Lira (PP-AL) da C\u00e2mara e Rodrigo Pacheco (PSD-MG) do Senado.\n<\/p>\n<p>Padilha ampliou os agradecimentos aos atuais presidentes da C\u00e2mara e do Senado, Hugo Motta (Republicanos-PB) e Davi Alcolumbre (Uni\u00e3o-AP), al\u00e9m dos l\u00edderes partid\u00e1rios que integram o Congresso Nacional.\n<\/p>\n<p>\u201cNessa gest\u00e3o, tivemos de lidar com o desafio de implementar uma verdadeira reabilita\u00e7\u00e3o das rela\u00e7\u00f5es institucionais no Estado brasileiro, ap\u00f3s quatro anos de um governo que tinha o projeto criminoso de destruir a democracia e fabricar conflitos\u201d, acrescentou.\n<\/p>\n<p>A demiss\u00e3o de N\u00edsia<br \/>O Pal\u00e1cio do Planalto oficializou, ainda na noite desta ter\u00e7a-feira, 25, a demiss\u00e3o de N\u00edsia Trindade do Minist\u00e9rio da Sa\u00fade e sua substitui\u00e7\u00e3o por Alexandre Padilha.\n<\/p>\n<p>\u201cO presidente Luiz In\u00e1cio Lula da Silva se reuniu na tarde desta ter\u00e7a-feira, 25 de fevereiro, com a ministra da Sa\u00fade, N\u00edsia Trindade\u201d, iniciou a nota. \u201cNa ocasi\u00e3o, comunicou a ela a substitui\u00e7\u00e3o na titularidade da pasta, que passar\u00e1 a ser ocupada pelo atual ministro das Rela\u00e7\u00f5es Institucionais, Alexandre Padilha.\u201d\n<\/p>\n<p>Ainda segundo o Planalto, Lula \u201cagradeceu\u201d \u00e0 ministra \u201cpelo trabalho e dedica\u00e7\u00e3o \u00e0 frente\u201d da pasta. A posse de Alexandre Padilha est\u00e1 marcada para o dia 6 de mar\u00e7o.\n<\/p>\n<p>A sa\u00edda de N\u00edsia j\u00e1 era especulada desde o ano passado, com a alta da dengue no pa\u00eds, a falta de imunizantes no Sistema \u00danico de Sa\u00fade (SUS) e depois da infec\u00e7\u00e3o de pelo menos seis pacientes por HIV depois receberem transplantes de \u00f3rg\u00e3os.\n<\/p>\n<p>Fonte: Revista Oeste              <\/p>\n<\/div>\n<p><br \/>\n<br \/><a href=\"https:\/\/diariodobrasilnoticias.com.br\/noticia\/o-pronunciamento-de-padilha-sobre-a-demissao-de-nisia-67bf532647709\">Source link <\/a><\/p>","protected":false},"excerpt":{"rendered":"<p>O atual ministro das Rela\u00e7\u00f5es Institucionais (SRI), Alexandre Padilha, se pronunciou nas redes sociais sobre a demiss\u00e3o de N\u00edsia Trindade do Minist\u00e9rio da Sa\u00fade. O petista assume a pasta a&hellip;<\/p>","protected":false},"author":1,"featured_media":106821,"comment_status":"closed","ping_status":"open","sticky":false,"template":"","format":"standard","meta":{"content-type":"","footnotes":""},"categories":[16],"tags":[123,2448,5313,1267],"class_list":["post-106820","post","type-post","status-publish","format-standard","has-post-thumbnail","hentry","category-noticias","tag-brasil","tag-diario","tag-noticia","tag-noticias"],"_links":{"self":[{"href":"https:\/\/tvbrazilusa.com\/pt\/wp-json\/wp\/v2\/posts\/106820","targetHints":{"allow":["GET"]}}],"collection":[{"href":"https:\/\/tvbrazilusa.com\/pt\/wp-json\/wp\/v2\/posts"}],"about":[{"href":"https:\/\/tvbrazilusa.com\/pt\/wp-json\/wp\/v2\/types\/post"}],"author":[{"embeddable":true,"href":"https:\/\/tvbrazilusa.com\/pt\/wp-json\/wp\/v2\/users\/1"}],"replies":[{"embeddable":true,"href":"https:\/\/tvbrazilusa.com\/pt\/wp-json\/wp\/v2\/comments?post=106820"}],"version-history":[{"count":1,"href":"https:\/\/tvbrazilusa.com\/pt\/wp-json\/wp\/v2\/posts\/106820\/revisions"}],"predecessor-version":[{"id":106822,"href":"https:\/\/tvbrazilusa.com\/pt\/wp-json\/wp\/v2\/posts\/106820\/revisions\/106822"}],"wp:featuredmedia":[{"embeddable":true,"href":"https:\/\/tvbrazilusa.com\/pt\/wp-json\/wp\/v2\/media\/106821"}],"wp:attachment":[{"href":"https:\/\/tvbrazilusa.com\/pt\/wp-json\/wp\/v2\/media?parent=106820"}],"wp:term":[{"taxonomy":"category","embeddable":true,"href":"https:\/\/tvbrazilusa.com\/pt\/wp-json\/wp\/v2\/categories?post=106820"},{"taxonomy":"post_tag","embeddable":true,"href":"https:\/\/tvbrazilusa.com\/pt\/wp-json\/wp\/v2\/tags?post=106820"}],"curies":[{"name":"wp","href":"https:\/\/api.w.org\/{rel}","templated":true}]}}