{"id":106823,"date":"2025-02-26T20:02:20","date_gmt":"2025-02-26T20:02:20","guid":{"rendered":"https:\/\/tvbrazilusa.com\/2025\/02\/26\/demitida-por-lula-nisia-trindade-culpa-fritura-da-imprensa\/"},"modified":"2025-02-26T20:02:22","modified_gmt":"2025-02-26T20:02:22","slug":"demitida-por-lula-nisia-trindade-culpa-fritura-da-imprensa","status":"publish","type":"post","link":"https:\/\/tvbrazilusa.com\/pt\/2025\/02\/26\/demitida-por-lula-nisia-trindade-culpa-fritura-da-imprensa\/","title":{"rendered":"Demitida por Lula, N\u00edsia Trindade culpa &#8216;fritura&#8217; da imprensa"},"content":{"rendered":"<p> <script async src=\"https:\/\/pagead2.googlesyndication.com\/pagead\/js\/adsbygoogle.js?client=ca-pub-8864793242727901\"\r\n     crossorigin=\"anonymous\"><\/script><br \/>\n<\/p>\n<div>\n<figure class=\"post-image\">\n<\/figure>\n<p>            <span style=\"font-size: 12px\"> Fotos: Thales Alves\/MS.<\/span><\/p>\n<p>            <!-- end metas --><br \/>\n            <!-- ADS --><\/p>\n<div id=\"taboola-read-more\" style=\"display:block; width:100%\">\n<p>N\u00edsia Trindade, demitida do cargo de ministra da Sa\u00fade, criticou a imprensa pela antecipa\u00e7\u00e3o de sua sa\u00edda do governo. Segundo ela, \u201ca fritura na imprensa \u00e9 inconceb\u00edvel\u201d.\n<\/p>\n<p>\u2013 A fritura na imprensa \u00e9 inconceb\u00edvel, n\u00e3o deveria acontecer. Simplesmente deveria se apurar os fatos e n\u00e3o antecipar decis\u00f5es que cabem ao presidente \u2013 disse a agora ex-ministra \u00e0 imprensa na manh\u00e3 desta quarta-feira (26).<\/p>\n<p>Foi sua primeira entrevista ap\u00f3s a demiss\u00e3o do Minist\u00e9rio da Sa\u00fade. N\u00edsia criticou a imprensa quando foi questionada se ficou incomodada com a forma como a demiss\u00e3o aconteceu.\n<\/p>\n<p>A ex-ministra se queixou justamente do fato de sua sa\u00edda j\u00e1 ser dada como certa, muito antes de ela ter sido comunicada pelo presidente Lula.\n<\/p>\n<p>\u2013 Ent\u00e3o eu repito, \u00e9 uma forma que n\u00e3o se deve ter, e inclusive n\u00e3o deveria ocorrer que emissoras divulgassem not\u00edcias falsas sem apura\u00e7\u00e3o. Isso aconteceu tamb\u00e9m; dizendo que eu estava fazendo uma reuni\u00e3o de despedida. Eu jamais faria isso enquanto ministra \u2013 afirmou N\u00edsia.\n<\/p>\n<p>N\u00edsia Trindade, que foi substitu\u00edda por Alexandre Padilha, ent\u00e3o ministro das Rela\u00e7\u00f5es Institucionais. Ela assinou os \u00faltimos atos como ministra numa solenidade no Planalto com a presen\u00e7a de Lula, nesta ter\u00e7a (25).\n<\/p>\n<p>Fonte: Pleno News              <\/p>\n<\/div>\n<p>                        <!-- Scripts para conteudo --><\/p>\n<p>            <!-- .\/Scripts para conteudo --><br \/>\n            <!-- .\/Mat\u00e9ria --><\/p>\n<div class=\"row mt-3\">\n<div class=\"col-sm-6\">\n                <!-- Whatsapp channel 3--><br \/>\n                <a href=\"https:\/\/chat.whatsapp.com\/B8Qy6Erx4kb6yTzj3kaDco\" target=\"_blank\"><br \/>\n                  <img decoding=\"async\" src=\"https:\/\/diariodobrasilnoticias.com.br\/assets-site\/images\/bot_whatsapp.png\"\/><\/a>\n              <\/div>\n<div class=\"col-sm-6\">\n                <a href=\"https:\/\/t.me\/+_4gTmi5LKo03OTM5\" target=\"_blank\"><br \/>\n                  <img decoding=\"async\" src=\"https:\/\/diariodobrasilnoticias.com.br\/assets-site\/images\/bot_telegram.png\"\/><\/a>\n              <\/div>\n<\/p><\/div>\n<p>            <!-- end post-navigation --><\/p>\n<p>              <!-- end row --><\/p>\n<p>              <!-- end col-12-->\n                      <\/div>\n<p><br \/>\n<br \/><a href=\"https:\/\/diariodobrasilnoticias.com.br\/noticia\/demitida-por-lula-nisia-trindade-culpa-fritura-da-imprensa-67bf55825be1f\">Source link <\/a><\/p>","protected":false},"excerpt":{"rendered":"<p>Fotos: Thales Alves\/MS. N\u00edsia Trindade, demitida do cargo de ministra da Sa\u00fade, criticou a imprensa pela antecipa\u00e7\u00e3o de sua sa\u00edda do governo. Segundo ela, \u201ca fritura na imprensa \u00e9 inconceb\u00edvel\u201d.&hellip;<\/p>","protected":false},"author":1,"featured_media":106824,"comment_status":"closed","ping_status":"open","sticky":false,"template":"","format":"standard","meta":{"content-type":"","footnotes":""},"categories":[16],"tags":[123,2448,5313,1267],"class_list":["post-106823","post","type-post","status-publish","format-standard","has-post-thumbnail","hentry","category-noticias","tag-brasil","tag-diario","tag-noticia","tag-noticias"],"_links":{"self":[{"href":"https:\/\/tvbrazilusa.com\/pt\/wp-json\/wp\/v2\/posts\/106823","targetHints":{"allow":["GET"]}}],"collection":[{"href":"https:\/\/tvbrazilusa.com\/pt\/wp-json\/wp\/v2\/posts"}],"about":[{"href":"https:\/\/tvbrazilusa.com\/pt\/wp-json\/wp\/v2\/types\/post"}],"author":[{"embeddable":true,"href":"https:\/\/tvbrazilusa.com\/pt\/wp-json\/wp\/v2\/users\/1"}],"replies":[{"embeddable":true,"href":"https:\/\/tvbrazilusa.com\/pt\/wp-json\/wp\/v2\/comments?post=106823"}],"version-history":[{"count":1,"href":"https:\/\/tvbrazilusa.com\/pt\/wp-json\/wp\/v2\/posts\/106823\/revisions"}],"predecessor-version":[{"id":106825,"href":"https:\/\/tvbrazilusa.com\/pt\/wp-json\/wp\/v2\/posts\/106823\/revisions\/106825"}],"wp:featuredmedia":[{"embeddable":true,"href":"https:\/\/tvbrazilusa.com\/pt\/wp-json\/wp\/v2\/media\/106824"}],"wp:attachment":[{"href":"https:\/\/tvbrazilusa.com\/pt\/wp-json\/wp\/v2\/media?parent=106823"}],"wp:term":[{"taxonomy":"category","embeddable":true,"href":"https:\/\/tvbrazilusa.com\/pt\/wp-json\/wp\/v2\/categories?post=106823"},{"taxonomy":"post_tag","embeddable":true,"href":"https:\/\/tvbrazilusa.com\/pt\/wp-json\/wp\/v2\/tags?post=106823"}],"curies":[{"name":"wp","href":"https:\/\/api.w.org\/{rel}","templated":true}]}}