{"id":106838,"date":"2025-02-26T20:55:10","date_gmt":"2025-02-26T20:55:10","guid":{"rendered":"https:\/\/tvbrazilusa.com\/2025\/02\/26\/urgente-embaixador-dos-eua-no-brasil-faz-comunicado-em-uma-nota-durissima-contra-o-brasil\/"},"modified":"2025-02-26T20:55:11","modified_gmt":"2025-02-26T20:55:11","slug":"urgente-embaixador-dos-eua-no-brasil-faz-comunicado-em-uma-nota-durissima-contra-o-brasil","status":"publish","type":"post","link":"https:\/\/tvbrazilusa.com\/pt\/2025\/02\/26\/urgente-embaixador-dos-eua-no-brasil-faz-comunicado-em-uma-nota-durissima-contra-o-brasil\/","title":{"rendered":"URGENTE: Embaixador dos EUA no Brasil faz comunicado em uma nota dur\u00edssima contra o Brasil"},"content":{"rendered":"<p> <script async src=\"https:\/\/pagead2.googlesyndication.com\/pagead\/js\/adsbygoogle.js?client=ca-pub-8864793242727901\"\r\n     crossorigin=\"anonymous\"><\/script><br \/>\n<\/p>\n<div>\n<p>\u00a0<\/p>\n<p>O embaixador dos Estados Unidos no Brasil emitiu uma nota contundente, reacendendo tens\u00f5es entre os dois pa\u00edses. No comunicado, ele enfatiza que o respeito \u00e0 soberania deve ser rec\u00edproco em todas as parcerias internacionais, incluindo a rela\u00e7\u00e3o com o Brasil. A cr\u00edtica surge em resposta a a\u00e7\u00f5es recentes do governo brasileiro que, segundo a embaixada, amea\u00e7am princ\u00edpios fundamentais compartilhados entre na\u00e7\u00f5es democr\u00e1ticas, colocando em xeque a harmonia diplom\u00e1tica que tradicionalmente marca os la\u00e7os entre Bras\u00edlia e Washington.<\/p>\n<p>A nota destaca, em especial, a preocupa\u00e7\u00e3o com medidas que restringem o acesso \u00e0 informa\u00e7\u00e3o e imp\u00f5em san\u00e7\u00f5es a empresas americanas. O embaixador aponta que bloquear conte\u00fados e multar companhias sediadas nos EUA por se recusarem a censurar indiv\u00edduos residentes no Brasil viola valores essenciais, como a liberdade de express\u00e3o. Essa postura firme reflete o descontentamento dos Estados Unidos com o que percebem como uma escalada autorit\u00e1ria, sugerindo que tais a\u00e7\u00f5es s\u00e3o incompat\u00edveis com os ideais democr\u00e1ticos que ambos os pa\u00edses historicamente defendem.<\/p>\n<\/div>\n<div>\n<p>\u00a0<\/p>\n<p><span class=\"css-1jxf684 r-bcqeeo r-1ttztb7 r-qvutc0 r-poiln3\"><strong>NOTA OFICIAL ESCRITA:<\/strong> <\/span><\/p>\n<p>\u00a0<\/p>\n<p><span class=\"css-1jxf684 r-bcqeeo r-1ttztb7 r-qvutc0 r-poiln3\">O respeito \u00e0 soberania \u00e9 uma via de m\u00e3o dupla com todos os parceiros dos EUA, incluindo o Brasil. Bloquear o acesso \u00e0 informa\u00e7\u00e3o e impor multas a empresas sediadas nos EUA por se recusarem a censurar indiv\u00edduos que l\u00e1 vivem \u00e9 incompat\u00edvel com os valores democr\u00e1ticos, incluindo a liberdade de express\u00e3o.<\/span><\/p>\n<p>\u00a0<\/p>\n<p><strong><span class=\"css-1jxf684 r-bcqeeo r-1ttztb7 r-qvutc0 r-poiln3\">SEGUE NOTA OFICIAL NO X:<\/span><\/strong><\/p>\n<div class=\"css-146c3p1 r-bcqeeo r-1ttztb7 r-qvutc0 r-37j5jr r-1inkyih r-16dba41 r-bnwqim r-135wba7\" dir=\"auto\" lang=\"pt\" data-testid=\"tweetText\">\n<div style=\"display: flex; flex-direction: row; justify-content: center; width: 100%;\">\n<blockquote class=\"twitter-tweet\">\n<p dir=\"ltr\" lang=\"pt\">O respeito \u00e0 soberania \u00e9 uma via de m\u00e3o dupla com todos os parceiros dos EUA, incluindo o Brasil. Bloquear o acesso \u00e0 informa\u00e7\u00e3o e impor multas a empresas sediadas nos EUA por se recusarem a censurar indiv\u00edduos que l\u00e1 vivem \u00e9 incompat\u00edvel com os valores democr\u00e1ticos, incluindo a\u2026 <a href=\"https:\/\/t.co\/58fNVzN3Cd\">https:\/\/t.co\/58fNVzN3Cd<\/a><br \/>\n\u2014 Embaixada EUA Brasil (@EmbaixadaEUA) <a href=\"https:\/\/twitter.com\/EmbaixadaEUA\/status\/1894798935367262237?ref_src=twsrc%5Etfw\">February 26, 2025<\/a><\/p>\n<\/blockquote>\n<\/div>\n<\/div>\n<p>\u00a0<\/p>\n<p>\u00a0Fonte: @embaixadaeua \/ X<\/p>\n<\/div>\n<p><script async src=\"\/\/platform.twitter.com\/widgets.js\" charset=\"utf-8\"><\/script><br \/>\n<br \/><br \/>\n<br \/><a href=\"https:\/\/diariodobrasilnoticias.com.br\/noticia\/urgente-embaixador-dos-eua-no-brasil-faz-comunicado-em-uma-nota-durissima-contra-brasil-67bf5bef2d12f\">Source link <\/a><\/p>","protected":false},"excerpt":{"rendered":"<p>\u00a0 O embaixador dos Estados Unidos no Brasil emitiu uma nota contundente, reacendendo tens\u00f5es entre os dois pa\u00edses. No comunicado, ele enfatiza que o respeito \u00e0 soberania deve ser rec\u00edproco&hellip;<\/p>","protected":false},"author":1,"featured_media":106839,"comment_status":"closed","ping_status":"open","sticky":false,"template":"","format":"standard","meta":{"content-type":"","footnotes":""},"categories":[16],"tags":[123,2448,5313,1267],"class_list":["post-106838","post","type-post","status-publish","format-standard","has-post-thumbnail","hentry","category-noticias","tag-brasil","tag-diario","tag-noticia","tag-noticias"],"_links":{"self":[{"href":"https:\/\/tvbrazilusa.com\/pt\/wp-json\/wp\/v2\/posts\/106838","targetHints":{"allow":["GET"]}}],"collection":[{"href":"https:\/\/tvbrazilusa.com\/pt\/wp-json\/wp\/v2\/posts"}],"about":[{"href":"https:\/\/tvbrazilusa.com\/pt\/wp-json\/wp\/v2\/types\/post"}],"author":[{"embeddable":true,"href":"https:\/\/tvbrazilusa.com\/pt\/wp-json\/wp\/v2\/users\/1"}],"replies":[{"embeddable":true,"href":"https:\/\/tvbrazilusa.com\/pt\/wp-json\/wp\/v2\/comments?post=106838"}],"version-history":[{"count":1,"href":"https:\/\/tvbrazilusa.com\/pt\/wp-json\/wp\/v2\/posts\/106838\/revisions"}],"predecessor-version":[{"id":106840,"href":"https:\/\/tvbrazilusa.com\/pt\/wp-json\/wp\/v2\/posts\/106838\/revisions\/106840"}],"wp:featuredmedia":[{"embeddable":true,"href":"https:\/\/tvbrazilusa.com\/pt\/wp-json\/wp\/v2\/media\/106839"}],"wp:attachment":[{"href":"https:\/\/tvbrazilusa.com\/pt\/wp-json\/wp\/v2\/media?parent=106838"}],"wp:term":[{"taxonomy":"category","embeddable":true,"href":"https:\/\/tvbrazilusa.com\/pt\/wp-json\/wp\/v2\/categories?post=106838"},{"taxonomy":"post_tag","embeddable":true,"href":"https:\/\/tvbrazilusa.com\/pt\/wp-json\/wp\/v2\/tags?post=106838"}],"curies":[{"name":"wp","href":"https:\/\/api.w.org\/{rel}","templated":true}]}}