{"id":106844,"date":"2025-02-26T21:25:16","date_gmt":"2025-02-26T21:25:16","guid":{"rendered":"https:\/\/tvbrazilusa.com\/2025\/02\/26\/mae-brasileira-mostra-elogio-a-hitler-e-teme-que-filho-aprenda-a-odiar-com-pai-portugues\/"},"modified":"2025-02-26T21:25:17","modified_gmt":"2025-02-26T21:25:17","slug":"mae-brasileira-mostra-elogio-a-hitler-e-teme-que-filho-aprenda-a-odiar-com-pai-portugues","status":"publish","type":"post","link":"https:\/\/tvbrazilusa.com\/pt\/2025\/02\/26\/mae-brasileira-mostra-elogio-a-hitler-e-teme-que-filho-aprenda-a-odiar-com-pai-portugues\/","title":{"rendered":"M\u00e3e brasileira mostra elogio a Hitler e teme que filho aprenda a odiar com pai portugu\u00eas"},"content":{"rendered":"<p> <script async src=\"https:\/\/pagead2.googlesyndication.com\/pagead\/js\/adsbygoogle.js?client=ca-pub-8864793242727901\"\r\n     crossorigin=\"anonymous\"><\/script><br \/>\n<\/p>\n<div id=\"taboola-read-more\" style=\"display:block; width:100%\">\n<p>A brasileira \u00c9rika Hecksher tem a guarda do filho H, de 10 anos. Em viagem de f\u00e9rias com a m\u00e3e a Portugal, ele visitou o pai, o ex-juiz Rui Fonseca e Castro, que n\u00e3o entregou a crian\u00e7a em meados de janeiro.\n<\/p>\n<p>A advogada Luciana Meira de Souza entrou com medida cautelar em Viana do Castelo. O Minist\u00e9rio P\u00fablico configurou o caso como rapto internacional previsto na Conven\u00e7\u00e3o de Haia.<\/p>\n<p>A decis\u00e3o final sair\u00e1 do tribunal vianense, onde \u00c9rika esteve esta semana para tentar ver o processo. Diz ela que o acesso foi negado e s\u00f3 conseguiu saber que haveria uma audi\u00eancia, mas afirma n\u00e3o ter sido convocada.\n<\/p>\n<p>Rui tenta ficar com a guarda e, segundo \u00c9rika, alegou que H., que nasceu no Rio de Janeiro, corre perigo no Brasil por ter sido supostamente molestado, diz a brasileira. Ela nega e acredita que a motiva\u00e7\u00e3o \u00e9 outra.\n<\/p>\n<p>\u2014 Quer fazer do filho um &#8220;Hitler&#8221;. N\u00e3o \u00e9 amor nem prote\u00e7\u00e3o, \u00e9 pol\u00edtica. Ele quer formar um ex\u00e9rcito de seguidores. Mas vai ensinar o que para o meu filho? Discurso de \u00f3dio, porque \u00e9 o que ele tem nos genes \u2014 disse \u00c9rika, afirmando temer a doutrina\u00e7\u00e3o:\n<\/p>\n<p>\u2014 Sim, claro.\n<\/p>\n<p>\u00c9rika mostrou o telefone com as mensagens em homenagem ao ditador que Rui teria postado ou compartilhado em uma rede aberta ao p\u00fablico. S\u00e3o 15 cita\u00e7\u00f5es, entre elas os parab\u00e9ns pelo anivers\u00e1rio do respons\u00e1vel pelo Holocausto, cuja exist\u00eancia \u00e9 posta em d\u00favida ou o crime \u00e9 descrito entre aspas.\n<\/p>\n<p>H\u00e1 na p\u00e1gina um trecho em forma de elogio \u00e0 &#8220;vida do extraordin\u00e1rio homem que foi Adolf Hitler\u201d, feito durante a apresenta\u00e7\u00e3o de um document\u00e1rio que promete &#8220;revelar a verdade escondida do p\u00fablico&#8221;. Tamb\u00e9m est\u00e3o enumerados 10 pontos que possam esclarecer uma posi\u00e7\u00e3o sobre o nazismo.\n<\/p>\n<p>\u2014 \u00c9 mais f\u00e1cil moldar, fazer a cabe\u00e7a dos menores. Nossos outros dois filhos, maiores, t\u00eam vergonha destas posi\u00e7\u00f5es do pai. Quando \u00e9ramos casados, eu segurava ele. Agora, est\u00e1 descontrolado \u2014 disse \u00c9rika.\n<\/p>\n<p>Em outras mensagens na p\u00e1gina h\u00e1 fotos de Hitler e reprodu\u00e7\u00f5es de partes de discursos do ex-ditador da Alemanha nazista. &#8220;Um homem luta pelo povo. Assim como uma mulher luta pela fam\u00edlia&#8221;, diz um trecho atribu\u00eddo a Hitler.\n<\/p>\n<p>A magistratura portuguesa afastou Rui porque o ex-juiz defendeu posi\u00e7\u00f5es negacionistas, como o rep\u00fadio \u00e0s m\u00e1scaras durante a pandemia de Covid-19. Posicionamento replicado na fam\u00edlia, segundo \u00c9rika.\n<\/p>\n<p>\u2014 Disse que me matava se eu desse a vacina contra a Covid no H. E n\u00e3o deixa ele tomar medicamentos \u2014 garantiu, mostrando uma mensagem.\n<\/p>\n<p>A defesa das posi\u00e7\u00f5es radicais est\u00e3o alinhadas com o movimento neonazi portugu\u00eas 1143. Os extremistas encontram eco no Habeas Corpus, grupo que Rui lidera, e no Ergue-te, movimento pol\u00edtico que preside.\n<\/p>\n<p>O Habeas Corpus e o 1143 s\u00e3o monitorados pelo Servi\u00e7o de Informa\u00e7\u00f5es de Seguran\u00e7a e pela Pol\u00edcia Judici\u00e1ria devido ao car\u00e1ter baseado na propaganda nazi e supremacista, segundo o &#8220;Expresso&#8221;.\n<\/p>\n<p>Em outubro de 2024, o grupo do ex-juiz fechou simbolicamente a ag\u00eancia de imigra\u00e7\u00e3o do governo (AIMA) no Porto.\n<\/p>\n<p>O site do Habeas Corpus descreve uma das miss\u00f5es e um dos valores do grupo: &#8220;Identificar e expor \u00e0 popula\u00e7\u00e3o o inimigo que ocupa o territ\u00f3rio nacional e enriquece descaradamente \u00e0 custa da mis\u00e9ria e da morte dos portugueses&#8221;.\n<\/p>\n<p>De acordo com \u00c9rika, Rui pode ter levado H. para com\u00edcios, jantares e reuni\u00f5es de alguns destes grupos radicais de ultradireita em Portugal.\n<\/p>\n<p>\u2014 O telefone de H. tem ferramenta de controle parental para evitar conte\u00fados sens\u00edveis e por seguran\u00e7a. Vi que se deslocou dentro de Portugal com o pai para jantares e com\u00edcios \u2014 disse ela, completando:\n<\/p>\n<p>\u2014 Eu acho que ele quer formar a fam\u00edlia ariana. A ideologia do (grupo) Habeas Corpus \u00e9 neonazista. Ele est\u00e1 querendo ades\u00e3o das pessoas \u00e0 ideologia. E os filhos entram porque s\u00e3o pequenos e podem sofrer lavagem cerebral.\n<\/p>\n<p>Em uma manifesta\u00e7\u00e3o em 2024, Rui discursou em frente ao Parlamento, em Lisboa, contra o que chamou de &#8220;invas\u00e3o de estrangeiros&#8221;. No encerramento, disse \u201causl\u00e4nder raus\u201d (estrangeiros, fora), em alem\u00e3o. O v\u00eddeo est\u00e1 divulgado de maneira p\u00fablica nas redes sociais com a marca d\u00b4\u00e1gua do Habeas Corpus.\n<\/p>\n<p>\u2014 Como pode um homem com filhos brasileiros, ex-mulher brasileira e, agora, atual mulher alem\u00e3? Sem falar no dinheiro que ganhou no Brasil com imigrantes \u2014 contou a brasileira.\n<\/p>\n<p>De acordo com ela, Rui teria sido um dos primeiros a tratar de cidadania para judeus sefarditas, grupo \u00e9tnico que ele ironizou em publica\u00e7\u00f5es mostradas por \u00c9rika.\n<\/p>\n<p>\u2014 N\u00f3s tivemos uma pioneira ag\u00eancia de consultoria de imigra\u00e7\u00e3o quando mor\u00e1vamos no Brasil. Ele, inclusive, tratava diretamente com as sinagogas de S\u00e3o Paulo e Rio \u2014 afirmou.\n<\/p>\n<p>Em uma conversa de v\u00eddeo, \u00c9rika diz que H. apareceu na tela com uma pistola de airsoft glock. O interlocutor enviou um imagem capturada \u00e0 \u00c9rika.\n<\/p>\n<p>\u2014 Foi presente do pai. Como algu\u00e9m que diz querer proteger o filho d\u00e1 um presente destes? \u00c9 uma arma, pode n\u00e3o ser de verdade, mas causa ferimentos. H. envia mensagens para amigos dizendo que quer voltar para o Brasil \u2014 disse ela.\n<\/p>\n<p>Rui matriculou H. em uma escola portuguesa contra a vontade de \u00c9rika.\n<\/p>\n<p>\u2014 Estou exclu\u00edda da lista de encarregados de educa\u00e7\u00e3o, o que significa que nem posso ir na escola pedir para ver o meu filho porque n\u00e3o me deixam entrar \u2014 contou.\n<\/p>\n<p>Segundo ela, a estrat\u00e9gia de Rui \u00e9 enfraquecer a rela\u00e7\u00e3o entre m\u00e3e e filho. A brasileira diz que ele parou de pagar pens\u00e3o e afirmou para H. que ela deve o aluguel da casa onde moravam no Rio.\n<\/p>\n<p>Sem dinheiro, ela depende de doa\u00e7\u00f5es financeiras e das amigas para ficar em Portugal. Uma em Cascais e outra na Maia t\u00eam dado apoio com moradia.\n<\/p>\n<p>Ela \u00e9 formada em comunica\u00e7\u00e3o social e ainda trabalha com imigrantes, mas afirma que n\u00e3o tem conseguido captar clientes diante da repercuss\u00e3o do caso.\n<\/p>\n<p>\u2014 Minha situa\u00e7\u00e3o est\u00e1 t\u00e3o cr\u00edtica que tenho somente \u20ac 10 (R$ 60).\n<\/p>\n<p>Procurado por mensagem, o ex-juiz n\u00e3o respondeu. O sistema mostrou que o conte\u00fado foi visto.\n<\/p>\n<p>Em comunicado publicado na mesma p\u00e1gina das mensagens sobre Hitler, o ex-juiz afirma que est\u00e1 em andamento &#8220;uma campanha de difama\u00e7\u00e3o&#8221; contra ele.\n<\/p>\n<p>&#8220;Os perigos que o meu filho corre no Brasil s\u00e3o muito graves e foram criados justamente por quem o deveria proteger&#8221;, escreveu Rui no comunicado.\n<\/p>\n<p>Fonte: O Globo              <\/p>\n<\/div>\n<p><br \/>\n<br \/><a href=\"https:\/\/diariodobrasilnoticias.com.br\/noticia\/mae-brasileira-mostra-elogio-a-hitler-e-teme-que-filho-aprenda-a-odiar-com-pai-portugues-67bf6b40d8cd0\">Source link <\/a><\/p>","protected":false},"excerpt":{"rendered":"<p>A brasileira \u00c9rika Hecksher tem a guarda do filho H, de 10 anos. Em viagem de f\u00e9rias com a m\u00e3e a Portugal, ele visitou o pai, o ex-juiz Rui Fonseca&hellip;<\/p>","protected":false},"author":1,"featured_media":106845,"comment_status":"closed","ping_status":"open","sticky":false,"template":"","format":"standard","meta":{"content-type":"","footnotes":""},"categories":[16],"tags":[123,2448,5313,1267],"class_list":["post-106844","post","type-post","status-publish","format-standard","has-post-thumbnail","hentry","category-noticias","tag-brasil","tag-diario","tag-noticia","tag-noticias"],"_links":{"self":[{"href":"https:\/\/tvbrazilusa.com\/pt\/wp-json\/wp\/v2\/posts\/106844","targetHints":{"allow":["GET"]}}],"collection":[{"href":"https:\/\/tvbrazilusa.com\/pt\/wp-json\/wp\/v2\/posts"}],"about":[{"href":"https:\/\/tvbrazilusa.com\/pt\/wp-json\/wp\/v2\/types\/post"}],"author":[{"embeddable":true,"href":"https:\/\/tvbrazilusa.com\/pt\/wp-json\/wp\/v2\/users\/1"}],"replies":[{"embeddable":true,"href":"https:\/\/tvbrazilusa.com\/pt\/wp-json\/wp\/v2\/comments?post=106844"}],"version-history":[{"count":1,"href":"https:\/\/tvbrazilusa.com\/pt\/wp-json\/wp\/v2\/posts\/106844\/revisions"}],"predecessor-version":[{"id":106846,"href":"https:\/\/tvbrazilusa.com\/pt\/wp-json\/wp\/v2\/posts\/106844\/revisions\/106846"}],"wp:featuredmedia":[{"embeddable":true,"href":"https:\/\/tvbrazilusa.com\/pt\/wp-json\/wp\/v2\/media\/106845"}],"wp:attachment":[{"href":"https:\/\/tvbrazilusa.com\/pt\/wp-json\/wp\/v2\/media?parent=106844"}],"wp:term":[{"taxonomy":"category","embeddable":true,"href":"https:\/\/tvbrazilusa.com\/pt\/wp-json\/wp\/v2\/categories?post=106844"},{"taxonomy":"post_tag","embeddable":true,"href":"https:\/\/tvbrazilusa.com\/pt\/wp-json\/wp\/v2\/tags?post=106844"}],"curies":[{"name":"wp","href":"https:\/\/api.w.org\/{rel}","templated":true}]}}