{"id":106915,"date":"2025-02-27T02:08:46","date_gmt":"2025-02-27T02:08:46","guid":{"rendered":"https:\/\/tvbrazilusa.com\/2025\/02\/27\/governo-decide-adotar-estilo-bateu-levou-com-trump-apos-critica-a-moraes\/"},"modified":"2025-02-27T02:08:48","modified_gmt":"2025-02-27T02:08:48","slug":"governo-decide-adotar-estilo-bateu-levou-com-trump-apos-critica-a-moraes","status":"publish","type":"post","link":"https:\/\/tvbrazilusa.com\/pt\/2025\/02\/27\/governo-decide-adotar-estilo-bateu-levou-com-trump-apos-critica-a-moraes\/","title":{"rendered":"Governo decide adotar estilo &#8216;bateu, levou&#8217; com Trump ap\u00f3s cr\u00edtica a Moraes"},"content":{"rendered":"<p> <script async src=\"https:\/\/pagead2.googlesyndication.com\/pagead\/js\/adsbygoogle.js?client=ca-pub-8864793242727901\"\r\n     crossorigin=\"anonymous\"><\/script><br \/>\n<\/p>\n<div id=\"taboola-read-more\" style=\"display:block; width:100%\">\n<p>O governo brasileiro decidiu adotar o estilo \u201cbateu, levou\u201d daqui em diante em relac\u0327a\u0303o a eventuais manifestac\u0327o\u0303es por parte do Casa Branca de Donald Trump. O que a diplomacia brasileira considerar uma inger\u00eancia indevida ser\u00e1 respondido imediatamente.\n<\/p>\n<p>A dura nota publicada no meio da tarde desta quarta-feira como rea\u00e7a\u0303o \u00e0 nota da Casa Branca ja\u0301 e\u0301 considerada no entorno do presidente Luiz In\u00e1cio Lula da Silva (PT) como exemplo da nova postura.<\/p>\n<p>Um \u00f3rg\u00e3o ligado ao Departamento de Estado norte-americano, respons\u00e1vel pela diplomacia dos EUA, havia publicado nas redes sociais nota com cr\u00edtica a bloqueios e multas aplicadas no Brasil contra empresas norte-americanas.\n<\/p>\n<p>A leitura no Pala\u0301cio do Planalto e no Itamaraty e\u0301 de que a nota do governo Trump foi \u201cum absurdo\u201d, como expressou uma fonte que participou da confecc\u0327a\u0303o da rea\u00e7\u00e3o brasileira.\n<\/p>\n<p>Isso pelo fato de que, na leitura dos brasileiros, o texto norte-americano sugeriu que o ministro do Supremo Tribunal Federal Alexandre de Moraes queira impor restric\u0327o\u0303es \u0301 liberdade de expressa\u0303o dentro da jurisdic\u0327a\u0303o dos EUA.\n<\/p>\n<p>Uma outra fonte que tambe\u0301m tratou do assunto em Brasi\u0301lia hoje mencionou que na\u0303o havia como o Brasil na\u0303o responder no tom adotado, justamente porque se tratava do que foi classificado como \u201cfake news\u201d por parte do governo Trump.\n<\/p>\n<p>A redac\u0327a\u0303o da nota comec\u0327ou pelo gabinete do chanceler Mauro Vieira e foi encaminhada \u00e0 assessoria internacional da Preside\u0302ncia no Planalto, que fez sugesto\u0303es em alguns pontos. O texto final foi acordado entre ambos e chancelado por Lula. Em nenhum momento, segundo relatos, houve du\u0301vidas da necessidade de se responder nem do tom dessa resposta.\n<\/p>\n<p>A ideia era sinalizar que as deciso\u0303es de Moraes e do Judicia\u0301rio brasileiro sa\u0303o respaldadas pela Constitui\u00e7\u00e3o Federal de 1988, debatida e pactuada pela sociedade brasileira e pelo sistema poli\u0301tico e juri\u0301dico nacional.\n<\/p>\n<p>E que, portanto, se trata de algo atinente \u00e0 soberania nacional. E se uma nac\u0327a\u0303o estrangeira questionar isso, tera\u0301 uma resposta no mesmo tom. Ale\u0301m disso, biscou-se deixar claro que combater fake news e\u0301 uma prerrogativa do sistema judicial brasileiro.\n<\/p>\n<p>Ainda assim, a nota foi considerada so\u0301bria e sem bravatas, tendo o objetivo de delimitar limites com o governo Trump e sinalizar que, se os Estados Unidos optarem novamente por bater, levara\u0303o resposta a\u0300 altura.\n<\/p>\n<p>Fonte: CNN Brasil              <\/p>\n<\/div>\n<p><br \/>\n<br \/><a href=\"https:\/\/diariodobrasilnoticias.com.br\/noticia\/governo-decide-adotar-estilo-bateu-levou-com-trump-apos-critica-a-moraes-67bfa2e5debf5\">Source link <\/a><\/p>","protected":false},"excerpt":{"rendered":"<p>O governo brasileiro decidiu adotar o estilo \u201cbateu, levou\u201d daqui em diante em relac\u0327a\u0303o a eventuais manifestac\u0327o\u0303es por parte do Casa Branca de Donald Trump. O que a diplomacia brasileira&hellip;<\/p>","protected":false},"author":1,"featured_media":106916,"comment_status":"closed","ping_status":"open","sticky":false,"template":"","format":"standard","meta":{"content-type":"","footnotes":""},"categories":[16],"tags":[123,2448,5313,1267],"class_list":["post-106915","post","type-post","status-publish","format-standard","has-post-thumbnail","hentry","category-noticias","tag-brasil","tag-diario","tag-noticia","tag-noticias"],"_links":{"self":[{"href":"https:\/\/tvbrazilusa.com\/pt\/wp-json\/wp\/v2\/posts\/106915","targetHints":{"allow":["GET"]}}],"collection":[{"href":"https:\/\/tvbrazilusa.com\/pt\/wp-json\/wp\/v2\/posts"}],"about":[{"href":"https:\/\/tvbrazilusa.com\/pt\/wp-json\/wp\/v2\/types\/post"}],"author":[{"embeddable":true,"href":"https:\/\/tvbrazilusa.com\/pt\/wp-json\/wp\/v2\/users\/1"}],"replies":[{"embeddable":true,"href":"https:\/\/tvbrazilusa.com\/pt\/wp-json\/wp\/v2\/comments?post=106915"}],"version-history":[{"count":1,"href":"https:\/\/tvbrazilusa.com\/pt\/wp-json\/wp\/v2\/posts\/106915\/revisions"}],"predecessor-version":[{"id":106917,"href":"https:\/\/tvbrazilusa.com\/pt\/wp-json\/wp\/v2\/posts\/106915\/revisions\/106917"}],"wp:featuredmedia":[{"embeddable":true,"href":"https:\/\/tvbrazilusa.com\/pt\/wp-json\/wp\/v2\/media\/106916"}],"wp:attachment":[{"href":"https:\/\/tvbrazilusa.com\/pt\/wp-json\/wp\/v2\/media?parent=106915"}],"wp:term":[{"taxonomy":"category","embeddable":true,"href":"https:\/\/tvbrazilusa.com\/pt\/wp-json\/wp\/v2\/categories?post=106915"},{"taxonomy":"post_tag","embeddable":true,"href":"https:\/\/tvbrazilusa.com\/pt\/wp-json\/wp\/v2\/tags?post=106915"}],"curies":[{"name":"wp","href":"https:\/\/api.w.org\/{rel}","templated":true}]}}