{"id":106921,"date":"2025-02-27T02:33:20","date_gmt":"2025-02-27T02:33:20","guid":{"rendered":"https:\/\/tvbrazilusa.com\/2025\/02\/27\/hamas-vai-devolver-o-corpo-de-4-refens-israelenses-em-troca-de-prisioneiros-palestinos\/"},"modified":"2025-02-27T02:33:22","modified_gmt":"2025-02-27T02:33:22","slug":"hamas-vai-devolver-o-corpo-de-4-refens-israelenses-em-troca-de-prisioneiros-palestinos","status":"publish","type":"post","link":"https:\/\/tvbrazilusa.com\/pt\/2025\/02\/27\/hamas-vai-devolver-o-corpo-de-4-refens-israelenses-em-troca-de-prisioneiros-palestinos\/","title":{"rendered":"Hamas vai devolver o corpo de 4 ref\u00e9ns israelenses em troca de prisioneiros palestinos"},"content":{"rendered":"<p> <script async src=\"https:\/\/pagead2.googlesyndication.com\/pagead\/js\/adsbygoogle.js?client=ca-pub-8864793242727901\"\r\n     crossorigin=\"anonymous\"><\/script><br \/>\n<\/p>\n<div id=\"taboola-read-more\" style=\"display:block; width:100%\">\n<p>O Hamas se prepara para devolver os corpos de quatro ref\u00e9ns israelenses, nesta quinta-feira, 27, em troca da liberta\u00e7\u00e3o de mais de 600 de prisioneiros palestinos por Israel. A opera\u00e7\u00e3o foi confirmada pelo porta-voz do grupo terrorista, Abdul Latif al-Qanou, nesta quarta-feira, 26.\n<\/p>\n<p>Os restos mortais pertencem a Tsachi Idan, Itzik Elgarat, Ohad Yahalomi e Shlomo Mantzur, conforme comunicado do Hamas. A entrega deve ocorrer de forma discreta, sem cerim\u00f4nias p\u00fablicas, depois de cr\u00edticas de Israel e organiza\u00e7\u00f5es de direitos humanos a eventos anteriores.<\/p>\n<p>Enquanto isso, o Hamas prepara a recep\u00e7\u00e3o dos prisioneiros palestinos, que j\u00e1 est\u00e1 em andamento no Hospital Europeu de Gaza, em Khan Younis.\n<\/p>\n<p><strong>Troca simult\u00e2nea e tens\u00f5es no acordo<\/strong>\n<\/p>\n<p>A troca dos corpos pelos prisioneiros palestinos vai ocorrer simultaneamente, para garantir o cumprimento do acordo. O primeiro-ministro de Israel, Benjamin Netanyahu, havia adiado a liberta\u00e7\u00e3o dos prisioneiros palestinos depois da libera\u00e7\u00e3o de seis ref\u00e9ns, no \u00faltimo s\u00e1bado, 22. Ele exigiu garantias para futuras entregas por parte do Hamas.\n<\/p>\n<p>Agora, Israel deve liberar, de maneira simult\u00e2nea \u00e0 entrega dos corpos, 602 prisioneiros palestinos. Essa entrega tinha programa\u00e7\u00e3o para ocorrer no domingo 23.\n<\/p>\n<p>A primeira fase do acordo de cessar-fogo come\u00e7ou em 19 de janeiro deste ano e tem previs\u00e3o de t\u00e9rmino no pr\u00f3ximo fim de semana. O in\u00edcio da segunda fase do acordo enfrenta tens\u00f5es para come\u00e7ar, mas a visita de Steve Witkoff, enviado do presidente dos EUA, Donald Trump, ao Oriente M\u00e9dio, pode ajudar na media\u00e7\u00e3o.\n<\/p>\n<p><strong>Relato de uma ex-ref\u00e9m do Hamas<\/strong>\n<\/p>\n<p>Noa Argamani, uma das ref\u00e9ns j\u00e1 em liberdade, compartilhou sua experi\u00eancia de cativeiro no Conselho de Seguran\u00e7a das Na\u00e7\u00f5es Unidas. Resgatada em junho do ano passado, oito meses depois de ser sequestrada com seu parceiro em uma rave invadida pelo Hamas, ela relatou que n\u00e3o conseguia se mover nem respirar.\n<\/p>\n<p>\u201cPensei que seriam os \u00faltimos segundos da minha vida. Estar aqui com voc\u00eas hoje \u00e9 um milagre\u201d, disse.\n<\/p>\n<p>Noa tamb\u00e9m fez um apelo pela continuidade do cessar-fogo na Faixa de Gaza e destacou a import\u00e2ncia de se manter o acordo integralmente. Seu parceiro, Avinatan Or, ainda est\u00e1 em poder do Hamas.\n<\/p>\n<p>Fonte: Revista Oeste              <\/p>\n<\/div>\n<p><br \/>\n<br \/><a href=\"https:\/\/diariodobrasilnoticias.com.br\/noticia\/hamas-vai-devolver-o-corpo-de-4-refens-israelenses-em-troca-de-prisioneiros-palestinos-67bf84895772d\">Source link <\/a><\/p>","protected":false},"excerpt":{"rendered":"<p>O Hamas se prepara para devolver os corpos de quatro ref\u00e9ns israelenses, nesta quinta-feira, 27, em troca da liberta\u00e7\u00e3o de mais de 600 de prisioneiros palestinos por Israel. A opera\u00e7\u00e3o&hellip;<\/p>","protected":false},"author":1,"featured_media":106922,"comment_status":"closed","ping_status":"open","sticky":false,"template":"","format":"standard","meta":{"content-type":"","footnotes":""},"categories":[16],"tags":[123,2448,5313,1267],"class_list":["post-106921","post","type-post","status-publish","format-standard","has-post-thumbnail","hentry","category-noticias","tag-brasil","tag-diario","tag-noticia","tag-noticias"],"_links":{"self":[{"href":"https:\/\/tvbrazilusa.com\/pt\/wp-json\/wp\/v2\/posts\/106921","targetHints":{"allow":["GET"]}}],"collection":[{"href":"https:\/\/tvbrazilusa.com\/pt\/wp-json\/wp\/v2\/posts"}],"about":[{"href":"https:\/\/tvbrazilusa.com\/pt\/wp-json\/wp\/v2\/types\/post"}],"author":[{"embeddable":true,"href":"https:\/\/tvbrazilusa.com\/pt\/wp-json\/wp\/v2\/users\/1"}],"replies":[{"embeddable":true,"href":"https:\/\/tvbrazilusa.com\/pt\/wp-json\/wp\/v2\/comments?post=106921"}],"version-history":[{"count":1,"href":"https:\/\/tvbrazilusa.com\/pt\/wp-json\/wp\/v2\/posts\/106921\/revisions"}],"predecessor-version":[{"id":106923,"href":"https:\/\/tvbrazilusa.com\/pt\/wp-json\/wp\/v2\/posts\/106921\/revisions\/106923"}],"wp:featuredmedia":[{"embeddable":true,"href":"https:\/\/tvbrazilusa.com\/pt\/wp-json\/wp\/v2\/media\/106922"}],"wp:attachment":[{"href":"https:\/\/tvbrazilusa.com\/pt\/wp-json\/wp\/v2\/media?parent=106921"}],"wp:term":[{"taxonomy":"category","embeddable":true,"href":"https:\/\/tvbrazilusa.com\/pt\/wp-json\/wp\/v2\/categories?post=106921"},{"taxonomy":"post_tag","embeddable":true,"href":"https:\/\/tvbrazilusa.com\/pt\/wp-json\/wp\/v2\/tags?post=106921"}],"curies":[{"name":"wp","href":"https:\/\/api.w.org\/{rel}","templated":true}]}}